{"id":3545,"date":"2026-03-28T13:00:19","date_gmt":"2026-03-28T16:00:19","guid":{"rendered":"https:\/\/www.memoriadamusica.com.br\/?p=3545"},"modified":"2026-03-28T13:00:38","modified_gmt":"2026-03-28T16:00:38","slug":"folcloristas-e-cultura-popular-desigualdades-e-subjetividades-na-construcao-da-identidade-nacional-brasileira-na-belle-epoque","status":"publish","type":"post","link":"https:\/\/www.memoriadamusica.com.br\/index.php\/sem-categoria\/folcloristas-e-cultura-popular-desigualdades-e-subjetividades-na-construcao-da-identidade-nacional-brasileira-na-belle-epoque\/","title":{"rendered":"Folcloristas e cultura popular: desigualdades e subjetividades na constru\u00e7\u00e3o da identidade nacional brasileira na Belle \u00c9poque"},"content":{"rendered":"\n<div data-wp-interactive=\"core\/file\" class=\"wp-block-file\"><object data-wp-bind--hidden=\"!state.hasPdfPreview\" hidden class=\"wp-block-file__embed\" data=\"https:\/\/www.memoriadamusica.com.br\/wp-content\/uploads\/2026\/03\/Folcloristas-e-cultura-popular_-desigualdades-e-subjetividades-na-construcao-da-identidade-nacional-brasileira-na-Belle-Epoque-RITA-Revue-Interdisciplinaire-de-Travaux-sur-les-Ameriques.pdf\" type=\"application\/pdf\" style=\"width:100%;height:600px\" aria-label=\"Incorporado de Folcloristas e cultura popular_ desigualdades e subjetividades na constru\u00e7\u00e3o da identidade nacional brasileira na Belle \u00c9poque - RITA - Revue Interdisciplinaire de Travaux sur les Am\u00e9riques.\"><\/object><a id=\"wp-block-file--media-5b90a4b4-0201-4902-9fcb-8f9669e93c99\" href=\"https:\/\/www.memoriadamusica.com.br\/wp-content\/uploads\/2026\/03\/Folcloristas-e-cultura-popular_-desigualdades-e-subjetividades-na-construcao-da-identidade-nacional-brasileira-na-Belle-Epoque-RITA-Revue-Interdisciplinaire-de-Travaux-sur-les-Ameriques.pdf\">Folcloristas e cultura popular_ desigualdades e subjetividades na constru\u00e7\u00e3o da identidade nacional brasileira na Belle \u00c9poque &#8211; RITA &#8211; Revue Interdisciplinaire de Travaux sur les Am\u00e9riques<\/a><a href=\"https:\/\/www.memoriadamusica.com.br\/wp-content\/uploads\/2026\/03\/Folcloristas-e-cultura-popular_-desigualdades-e-subjetividades-na-construcao-da-identidade-nacional-brasileira-na-Belle-Epoque-RITA-Revue-Interdisciplinaire-de-Travaux-sur-les-Ameriques.pdf\" class=\"wp-block-file__button wp-element-button\" download aria-describedby=\"wp-block-file--media-5b90a4b4-0201-4902-9fcb-8f9669e93c99\">Baixar<\/a><\/div>\n\n\n\n<p><\/p>\n","protected":false},"excerpt":{"rendered":"","protected":false},"author":2,"featured_media":0,"comment_status":"closed","ping_status":"closed","sticky":false,"template":"","format":"standard","meta":{"site-sidebar-layout":"default","site-content-layout":"","ast-site-content-layout":"default","site-content-style":"default","site-sidebar-style":"default","ast-global-header-display":"","ast-banner-title-visibility":"","ast-main-header-display":"","ast-hfb-above-header-display":"","ast-hfb-below-header-display":"","ast-hfb-mobile-header-display":"","site-post-title":"","ast-breadcrumbs-content":"","ast-featured-img":"","footer-sml-layout":"","ast-disable-related-posts":"","theme-transparent-header-meta":"","adv-header-id-meta":"","stick-header-meta":"","header-above-stick-meta":"","header-main-stick-meta":"","header-below-stick-meta":"","astra-migrate-meta-layouts":"default","ast-page-background-enabled":"default","ast-page-background-meta":{"desktop":{"background-color":"var(--ast-global-color-4)","background-image":"","background-repeat":"repeat","background-position":"center center","background-size":"auto","background-attachment":"scroll","background-type":"","background-media":"","overlay-type":"","overlay-color":"","overlay-opacity":"","overlay-gradient":""},"tablet":{"background-color":"","background-image":"","background-repeat":"repeat","background-position":"center center","background-size":"auto","background-attachment":"scroll","background-type":"","background-media":"","overlay-type":"","overlay-color":"","overlay-opacity":"","overlay-gradient":""},"mobile":{"background-color":"","background-image":"","background-repeat":"repeat","background-position":"center center","background-size":"auto","background-attachment":"scroll","background-type":"","background-media":"","overlay-type":"","overlay-color":"","overlay-opacity":"","overlay-gradient":""}},"ast-content-background-meta":{"desktop":{"background-color":"var(--ast-global-color-5)","background-image":"","background-repeat":"repeat","background-position":"center center","background-size":"auto","background-attachment":"scroll","background-type":"","background-media":"","overlay-type":"","overlay-color":"","overlay-opacity":"","overlay-gradient":""},"tablet":{"background-color":"var(--ast-global-color-5)","background-image":"","background-repeat":"repeat","background-position":"center center","background-size":"auto","background-attachment":"scroll","background-type":"","background-media":"","overlay-type":"","overlay-color":"","overlay-opacity":"","overlay-gradient":""},"mobile":{"background-color":"var(--ast-global-color-5)","background-image":"","background-repeat":"repeat","background-position":"center center","background-size":"auto","background-attachment":"scroll","background-type":"","background-media":"","overlay-type":"","overlay-color":"","overlay-opacity":"","overlay-gradient":""}},"footnotes":""},"categories":[13,1],"tags":[],"class_list":["post-3545","post","type-post","status-publish","format-standard","hentry","category-artigos","category-sem-categoria"],"_links":{"self":[{"href":"https:\/\/www.memoriadamusica.com.br\/index.php\/wp-json\/wp\/v2\/posts\/3545","targetHints":{"allow":["GET"]}}],"collection":[{"href":"https:\/\/www.memoriadamusica.com.br\/index.php\/wp-json\/wp\/v2\/posts"}],"about":[{"href":"https:\/\/www.memoriadamusica.com.br\/index.php\/wp-json\/wp\/v2\/types\/post"}],"author":[{"embeddable":true,"href":"https:\/\/www.memoriadamusica.com.br\/index.php\/wp-json\/wp\/v2\/users\/2"}],"replies":[{"embeddable":true,"href":"https:\/\/www.memoriadamusica.com.br\/index.php\/wp-json\/wp\/v2\/comments?post=3545"}],"version-history":[{"count":1,"href":"https:\/\/www.memoriadamusica.com.br\/index.php\/wp-json\/wp\/v2\/posts\/3545\/revisions"}],"predecessor-version":[{"id":3546,"href":"https:\/\/www.memoriadamusica.com.br\/index.php\/wp-json\/wp\/v2\/posts\/3545\/revisions\/3546"}],"wp:attachment":[{"href":"https:\/\/www.memoriadamusica.com.br\/index.php\/wp-json\/wp\/v2\/media?parent=3545"}],"wp:term":[{"taxonomy":"category","embeddable":true,"href":"https:\/\/www.memoriadamusica.com.br\/index.php\/wp-json\/wp\/v2\/categories?post=3545"},{"taxonomy":"post_tag","embeddable":true,"href":"https:\/\/www.memoriadamusica.com.br\/index.php\/wp-json\/wp\/v2\/tags?post=3545"}],"curies":[{"name":"wp","href":"https:\/\/api.w.org\/{rel}","templated":true}]}}